{"id":1019,"date":"1986-04-05T17:31:02","date_gmt":"1986-04-05T22:31:02","guid":{"rendered":"http:\/\/www.yvancliche.org\/?p=1019"},"modified":"2013-12-07T19:07:17","modified_gmt":"2013-12-08T00:07:17","slug":"le-francais-je-le-connais-par-coeur","status":"publish","type":"post","link":"https:\/\/www.yvancliche.org\/?p=1019","title":{"rendered":"Le fran\u00e7ais, je le connais par coeur"},"content":{"rendered":"<p>Le Continuum, 14 avril 1986<\/p>\n<p>Cri d&rsquo;alarme : les jeunes universitaires ne savent plus \u00e9crire. Ils ont une ma\u00eetrise fort sommaire de la langue fran\u00e7aise, qui n&rsquo;est pas compens\u00e9e, comme plusieurs pourraient le souhaiter, par une connaissance solide d&rsquo;une langue seconde, en l\u2019occurrence l&rsquo;anglais.<\/p>\n<p>Pour la premi\u00e8re fois depuis 20 ans, le Qu\u00e9bec est en pleine remise en cause de son syst\u00e8me \u00e9ducatif.<\/p>\n<p>Les plaintes sur les d\u00e9ficiences de l&rsquo;\u00e9ducation au Qu\u00e9bec se sont multipli\u00e9es ces derni\u00e8res ann\u00e9es.<\/p>\n<p>Les \u00c9tats g\u00e9n\u00e9raux sur l&rsquo;\u00e9ducation au Qu\u00e9bec ont \u00e9t\u00e9, en fait, le point culminant de cette vaste entreprise de r\u00e9flexion. Pour l&rsquo;observateur \u00e9tranger \u00e0 ce genre de d\u00e9bat, cette \u00e9bullition des intervenants dans le secteur de l&rsquo;\u00e9ducation a de quoi laisser un peu indiff\u00e9rent.<\/p>\n<p>Or, pour tous ceux qui, de pr\u00e8s ou de loin, sont confront\u00e9s \u00e0 des t\u00e2ches d&rsquo;enseignement, le besoin de remanier notre syst\u00e8me \u00e9ducatif est apparu comme une n\u00e9cessit\u00e9 \u00e9vidente.<\/p>\n<p>Ma contribution \u00e0 ce d\u00e9bat est modeste. Je ne peux que rapporter mon exp\u00e9rience personnelle. Depuis deux ans, j&rsquo;ai assum\u00e9 quatre postes d&rsquo;auxiliaire d&rsquo;enseignement. Rien ne m&rsquo;a plus exasp\u00e9r\u00e9 que la pi\u00e8tre qualit\u00e9 de l&rsquo;\u00e9criture, g\u00e9n\u00e9ralis\u00e9e parmi les \u00e9tudiants.<\/p>\n<p>Que ce soit au niveau de l&rsquo;orthographe, ou de la syntaxe, les nombreuses fautes relev\u00e9es au cours des corrections sont \u00e0 conserver au mus\u00e9e de l&rsquo;horreur et j&rsquo;en aurais pour des heures \u00e0 relater l&rsquo;exasp\u00e9ration que m&rsquo;a valu la lecture de plusieurs travaux.<\/p>\n<p>Et pourtant ! Si les \u00e9tudiants savaient combien il y a une relation directe entre la qualit\u00e9 de l&rsquo;\u00e9criture et la qualit\u00e9 d&rsquo;un travail. Un bon travail est toujours un travail bien \u00e9crit. <\/p>\n<p>La langue est l&rsquo;outil de l&rsquo;intellectuel et celui qui ne peut la manier correctement se compare au menuisier incapable d&rsquo;utiliser son marteau et sa scie.<\/p>\n<p>Tout ne se r\u00e9duit pas toutefois \u00e0 la question du langage. Outre l&rsquo;absence de curiosit\u00e9 et le refus d&rsquo;entreprendre des efforts suppl\u00e9mentaires, qui sont le lot de la majorit\u00e9, les d\u00e9ficiences de maints \u00e9tudiants sur le plan des connaissances g\u00e9n\u00e9rales sont \u00e9difiantes, notamment en histoire et en g\u00e9ographie.<\/p>\n<p>Bien souvent, la t\u00e2che d&rsquo;un moniteur n&rsquo;est pas de d\u00e9battre d&rsquo;un sujet pol\u00e9mique avec les \u00e9l\u00e8ves, mais de leur apprendre banalement les capitales des principaux pays d&rsquo;Europe !<\/p>\n<p>Certes, ces commentaires peuvent para\u00eetre impressionnistes, et certains pourraient leur reprocher leur caract\u00e8re trop personnalis\u00e9 et dramatique. Ils traduisent cependant une r\u00e9alit\u00e9 : notre syst\u00e8me \u00e9ducatif, comme plusieurs le soutiennent, forme des \u00e9tudiants qui m\u00eame au fa\u00eete de leur \u00e9tude, souffrent de carences majeures. <\/p>\n<p>\u00c0 travers les \u00c9tats g\u00e9n\u00e9raux sur l&rsquo;\u00e9ducation, il est encourageant et r\u00e9confortant de constater que les intervenants dans le secteur de l&rsquo;\u00e9ducation au Qu\u00e9bec ont reconnu le probl\u00e8me et qu&rsquo;ils tenteront d&rsquo;y apporter des solutions.<\/p>\n","protected":false},"excerpt":{"rendered":"<p>Le Continuum, 14 avril 1986 Cri d&rsquo;alarme : les jeunes universitaires ne savent plus \u00e9crire. Ils ont une ma\u00eetrise fort sommaire de la langue fran\u00e7aise, qui n&rsquo;est pas compens\u00e9e, comme plusieurs pourraient le souhaiter, par une connaissance solide d&rsquo;une langue seconde, en l\u2019occurrence l&rsquo;anglais. Pour la premi\u00e8re fois depuis 20 ans, le Qu\u00e9bec est en [&hellip;]<\/p>\n","protected":false},"author":1,"featured_media":0,"comment_status":"open","ping_status":"open","sticky":false,"template":"","format":"standard","meta":{"footnotes":""},"categories":[1],"tags":[372,371],"class_list":["post-1019","post","type-post","status-publish","format-standard","hentry","category-opinions","tag-education","tag-francais"],"_links":{"self":[{"href":"https:\/\/www.yvancliche.org\/index.php?rest_route=\/wp\/v2\/posts\/1019","targetHints":{"allow":["GET"]}}],"collection":[{"href":"https:\/\/www.yvancliche.org\/index.php?rest_route=\/wp\/v2\/posts"}],"about":[{"href":"https:\/\/www.yvancliche.org\/index.php?rest_route=\/wp\/v2\/types\/post"}],"author":[{"embeddable":true,"href":"https:\/\/www.yvancliche.org\/index.php?rest_route=\/wp\/v2\/users\/1"}],"replies":[{"embeddable":true,"href":"https:\/\/www.yvancliche.org\/index.php?rest_route=%2Fwp%2Fv2%2Fcomments&post=1019"}],"version-history":[{"count":5,"href":"https:\/\/www.yvancliche.org\/index.php?rest_route=\/wp\/v2\/posts\/1019\/revisions"}],"predecessor-version":[{"id":1269,"href":"https:\/\/www.yvancliche.org\/index.php?rest_route=\/wp\/v2\/posts\/1019\/revisions\/1269"}],"wp:attachment":[{"href":"https:\/\/www.yvancliche.org\/index.php?rest_route=%2Fwp%2Fv2%2Fmedia&parent=1019"}],"wp:term":[{"taxonomy":"category","embeddable":true,"href":"https:\/\/www.yvancliche.org\/index.php?rest_route=%2Fwp%2Fv2%2Fcategories&post=1019"},{"taxonomy":"post_tag","embeddable":true,"href":"https:\/\/www.yvancliche.org\/index.php?rest_route=%2Fwp%2Fv2%2Ftags&post=1019"}],"curies":[{"name":"wp","href":"https:\/\/api.w.org\/{rel}","templated":true}]}}