{"id":103,"date":"2005-12-26T11:04:21","date_gmt":"2005-12-26T16:04:21","guid":{"rendered":"http:\/\/www.yvancliche.org\/?p=103"},"modified":"2013-11-21T17:30:42","modified_gmt":"2013-11-21T22:30:42","slug":"otage-de-beyrouth-a-bagdad-journal-dun-correspondent-de-guerre","status":"publish","type":"post","link":"https:\/\/www.yvancliche.org\/?p=103","title":{"rendered":"Otage de Beyrouth \u00e0 Bagdad. Journal d\u2019un correspondent de guerre"},"content":{"rendered":"<p>Roger Auque, Otage de Beyrouth \u00e0 Bagdad. Journal d\u2019un correspondent de guerre, Anne Carri\u00e8re, Paris, 2005, 208 p.<\/p>\n<p>Nuit blanche, d\u00e9cembre 2005<\/p>\n<p>Les enl\u00e8vements de journalistes fran\u00e7ais en Irak ces derniers mois ont raviv\u00e9 la m\u00e9moire de Roger Auque, correspondant pigiste pour nombre de m\u00e9dias europ\u00e9ens et qu\u00e9b\u00e9cois (dont Radio-Canada) dans le monde arabe, notamment dans ses nombreuses zones de conflit, comme au Liban durant les ann\u00e9es 1980 et, depuis 2003, \u00e0 Bagdad \u00e0 la suite de l&rsquo;invasion am\u00e9ricaine.<\/p>\n<p>C&rsquo;est que Roger Auque a lui-m\u00eame fait l&rsquo;objet d&rsquo;un spectaculaire enl\u00e8vement qui a dur\u00e9 un an, en 1987 \u00e0 Beyrouth, au plus fort de la guerre civile qui a ravag\u00e9 le pays, exp\u00e9rience qu&rsquo;il a d&rsquo;ailleurs relat\u00e9e dans un passionnant ouvrage paru l&rsquo;ann\u00e9e suivante. Le correspondant de guerre avait alors subi un v\u00e9ritable calvaire : enlev\u00e9 seul, donc personne avec qui partager sa d\u00e9tresse, il avait au surplus v\u00e9cu ces longs mois dans des conditions mis\u00e9rables.<\/p>\n<p>Ce n&rsquo;est pas seulement la foi chr\u00e9tienne avou\u00e9e de Roger Auque, trouv\u00e9e durant ces moments sombres, qui le distingue des autres journalistes fran\u00e7ais ; il fait peu de \u00absociologie \u00bb autour des motivations qui guident les preneurs d&rsquo;otages et autres terroristes brandissant l&rsquo;islam pour combattre la pr\u00e9sence occidentale. Sa lecture des \u00e9v\u00e9nements pourrait plut\u00f4t donner de la cr\u00e9dibilit\u00e9 \u00e0 ceux, nombreux aux \u00c9tats-Unis, qui jugent que, notamment depuis le 11 septembre, nous assistons rien de moins qu&rsquo;\u00e0 une lutte de civilisation entre l&rsquo;islam et l&rsquo;Occident. \u00ab Mon exp\u00e9rience journalistique me d\u00e9montre chaque jour que nous sommes consid\u00e9r\u00e9s comme des m\u00e9cr\u00e9ants et des infid\u00e8les par les musulmans. \u00bb<\/p>\n<p>Roger Auque jette ainsi un regard sympathique sur l&rsquo;intervention am\u00e9ricaine et se scandalise de l&rsquo;attention port\u00e9e sur les m\u00e9faits de quelques soldats au m\u00e9pris des exactions commises par l&rsquo;ancien r\u00e9gime de Saddam Hussein. \u00ab Il est \u00e9videmment plus simple et politiquement correct de pointer les actes de quelques GIs imb\u00e9ciles que de se poser les vraies questions sur les moeurs et coutumes de l&rsquo;Irak, qui semble avoir tant de mal \u00e0 se conformer \u00e0 la tol\u00e9rance et \u00e0 la modernit\u00e9. \u00bb<\/p>\n<p>Sur un plan plus personnel, l&rsquo;auteur r\u00e9v\u00e8le le malaise qu&rsquo;il \u00e9prouve envers la vie qu&rsquo;il m\u00e8ne depuis 20 ans, \u00e0 se balader entre obus et mortiers pour transmettre de l&rsquo;information. Mais l&rsquo;aventurier en lui semble encore prendre le dessus, lui qui se voit \u00ab vivre l&rsquo;essentiel \u00bb \u00e0 travers le grand reportage.<\/p>\n<p>&nbsp;<\/p>\n","protected":false},"excerpt":{"rendered":"<p>Roger Auque, Otage de Beyrouth \u00e0 Bagdad. Journal d\u2019un correspondent de guerre, Anne Carri\u00e8re, Paris, 2005, 208 p. Nuit blanche, d\u00e9cembre 2005 Les enl\u00e8vements de journalistes fran\u00e7ais en Irak ces derniers mois ont raviv\u00e9 la m\u00e9moire de Roger Auque, correspondant pigiste pour nombre de m\u00e9dias europ\u00e9ens et qu\u00e9b\u00e9cois (dont Radio-Canada) dans le monde arabe, notamment [&hellip;]<\/p>\n","protected":false},"author":1,"featured_media":0,"comment_status":"closed","ping_status":"closed","sticky":false,"template":"","format":"standard","meta":{"footnotes":""},"categories":[4],"tags":[106,105,104],"class_list":["post-103","post","type-post","status-publish","format-standard","hentry","category-critique_de_livres","tag-liban","tag-otage-de-beyrouth-a-bagdad","tag-roger-auque"],"_links":{"self":[{"href":"https:\/\/www.yvancliche.org\/index.php?rest_route=\/wp\/v2\/posts\/103","targetHints":{"allow":["GET"]}}],"collection":[{"href":"https:\/\/www.yvancliche.org\/index.php?rest_route=\/wp\/v2\/posts"}],"about":[{"href":"https:\/\/www.yvancliche.org\/index.php?rest_route=\/wp\/v2\/types\/post"}],"author":[{"embeddable":true,"href":"https:\/\/www.yvancliche.org\/index.php?rest_route=\/wp\/v2\/users\/1"}],"replies":[{"embeddable":true,"href":"https:\/\/www.yvancliche.org\/index.php?rest_route=%2Fwp%2Fv2%2Fcomments&post=103"}],"version-history":[{"count":2,"href":"https:\/\/www.yvancliche.org\/index.php?rest_route=\/wp\/v2\/posts\/103\/revisions"}],"predecessor-version":[{"id":271,"href":"https:\/\/www.yvancliche.org\/index.php?rest_route=\/wp\/v2\/posts\/103\/revisions\/271"}],"wp:attachment":[{"href":"https:\/\/www.yvancliche.org\/index.php?rest_route=%2Fwp%2Fv2%2Fmedia&parent=103"}],"wp:term":[{"taxonomy":"category","embeddable":true,"href":"https:\/\/www.yvancliche.org\/index.php?rest_route=%2Fwp%2Fv2%2Fcategories&post=103"},{"taxonomy":"post_tag","embeddable":true,"href":"https:\/\/www.yvancliche.org\/index.php?rest_route=%2Fwp%2Fv2%2Ftags&post=103"}],"curies":[{"name":"wp","href":"https:\/\/api.w.org\/{rel}","templated":true}]}}