{"id":1095,"date":"2002-09-28T10:22:31","date_gmt":"2002-09-28T14:22:31","guid":{"rendered":"http:\/\/www.yvancliche.org\/?p=1095"},"modified":"2021-02-21T14:18:14","modified_gmt":"2021-02-21T19:18:14","slug":"un-islam-a-reformer","status":"publish","type":"post","link":"https:\/\/www.yvancliche.org\/?p=1095","title":{"rendered":"Un islam \u00e0 r\u00e9former"},"content":{"rendered":"<p>La Presse, 28 septembre 2002<br \/>\n<em>L&rsquo;auteur fut un des premiers universitaires qu\u00e9b\u00e9cois \u00e0 r\u00e9diger un m\u00e9moire de ma\u00eetrise sur l&rsquo;int\u00e9grisme musulman (1987 Universit\u00e9 de Montr\u00e9al).<\/em><\/p>\n<p><em>Nous poursuivons aujourd&rsquo;hui la publication de notre s\u00e9rie de textes dans lesquels des auteurs, \u00e0 partir d&rsquo;une phrase \u00e9crite pour les lecteurs de La Presse en 2001, \u00e0 la suite des attentats du 11 septembre, font le point un an plus tard.<\/em><\/p>\n<p>IL Y A un an, la r\u00e9forme de la th\u00e9ologie islamique \u00e9tait uniquement l&rsquo;affaire des orientalistes et des islamologues, bref d&rsquo;universitaires savants enclos dans leur tour d&rsquo;ivoire, d\u00e9battant d&rsquo;un sujet \u00e9sot\u00e9rique tr\u00e8s loin de nos pr\u00e9occupations quotidiennes.<\/p>\n<p>Comme le monde peut changer en un an&#8230; Les \u00e9v\u00e9nements du 11 septembre 2001 font maintenant de ce sujet un enjeu touchant directement la s\u00e9curit\u00e9 des soci\u00e9t\u00e9s occidentales. Car c&rsquo;est \u00e0 partir d&rsquo;une lecture rigide et pass\u00e9iste de l&rsquo;islam que les int\u00e9gristes se donnent une l\u00e9gitimit\u00e9 pour attaquer l&rsquo;Occident : or, selon notre propos d&rsquo;il y a un an, si le monde islamique veut prendre v\u00e9ritablement sa place dans le monde contemporain, il doit regarder la r\u00e9alit\u00e9 en face, cesser de chercher des boucs \u00e9missaires et de voir des complots partout, bref sortir de son immobilisme pour entreprendre d&rsquo;urgence des r\u00e9formes r\u00e9elles, qui passent notamment par la synchronisation du discours religieux aux r\u00e9alit\u00e9s modernes.<\/p>\n<p>Dans le monde arabo-musulman, des voix, plus nombreuses, se sont \u00e9lev\u00e9es depuis un an pour faire \u00e9clater ce tabou et ainsi ramener l&rsquo;islam \u00e0 son r\u00f4le essentiel, soit celui d&rsquo;une religion et non d&rsquo;une id\u00e9ologie politique.<\/p>\n<p>Pour mieux comprendre la d\u00e9calage qui existe pr\u00e9sentement en Orient arabe entre un discours id\u00e9alis\u00e9 d&rsquo;un islam de l&rsquo;\u00e2ge d&rsquo;or et la r\u00e9alit\u00e9 actuelle, il n&rsquo;est que de mentionner que, dans les \u00e9coles, on souligne encore que le r\u00e9gime politique id\u00e9al des musulmans est le califat, que la Loi musulmane (la charia) \u00e9tablie au 7e si\u00e8cle et qui pr\u00e9tend r\u00e9gir toute la vie est compl\u00e8te et sacr\u00e9e, donc indiscutable, que l&rsquo;islam proscrit l&rsquo;int\u00e9r\u00eat sur le pr\u00eat d&rsquo;argent.<\/p>\n<p>Or, le syst\u00e8me social est b\u00e2ti en pleine contradiction avec ces valeurs du pass\u00e9: le syst\u00e8me politique est copi\u00e9 sur la version moderne de l&rsquo;\u00c9tat occidental, le droit venu d&rsquo;Europe se m\u00eale \u00e0 la charia et le syst\u00e8me bancaire op\u00e8re dans maint pays exactement comme celui en cours chez nous.<\/p>\n<p>Une situation qui n&rsquo;apporte que confusion \u00e0 une jeunesse \u00e9cartel\u00e9e entre une phras\u00e9ologie islamiste poussi\u00e9reuse et une modernit\u00e9 pourtant bien inscrite dans la vie de tous les jours, par l&rsquo;importation de biens, de technologies et de valeurs venus d&rsquo;Occident. Les ben Laden de ce monde sont un pur produit de cette profonde crise d&rsquo;identit\u00e9.<\/p>\n<p>Il y a toutefois une nuance au jugement que nous \u00e9mettions il y a un an, et c&rsquo;est que cette r\u00e9forme ne pourra se faire uniquement sur le plan des concepts, c&rsquo;est-\u00e0-dire sans \u00eatre li\u00e9e \u00e0 des progr\u00e8s \u00e9conomiques et sociaux concrets sur le terrain. Les deux aspects, r\u00e9forme intellectuelle et r\u00e9forme socio-politique, doivent aller de pair, s&rsquo;alimenter et se dynamiser l&rsquo;une l&rsquo;autre, insisterons-nous un an apr\u00e8s les \u00e9v\u00e9nements.<\/p>\n<p><strong>L&rsquo;islam, un reflet de la soci\u00e9t\u00e9 ambiante<\/strong><br \/>\nDepuis le 11 septembre 2001, plusieurs musulmans insistent pour dire que l&rsquo;islam ne se r\u00e9duit pas \u00e0 ben Laden, qu&rsquo;il pr\u00f4ne la tol\u00e9rance, etc. Il s&rsquo;agit l\u00e0, selon nous, d&rsquo;un faux d\u00e9bat, qui ne peut int\u00e9resser que les ex\u00e9g\u00e8tes. L&rsquo;islam est, ni plus ni moins, ce qu&rsquo;en font les musulmans.<\/p>\n<p>La religion islamique traduit l&rsquo;\u00e9tat d&rsquo;esprit de ses adeptes, tout comme l&rsquo;interpr\u00e9tation de la religion chr\u00e9tienne a chang\u00e9 selon les circonstances historiques. Apr\u00e8s tout, les textes sacr\u00e9s ne changent pas, ce sont leur interpr\u00e9tation par les humains qui est modul\u00e9e selon l&rsquo;air du temps.<\/p>\n<p>C&rsquo;est bel et bien au nom de la foi chr\u00e9tienne, par exemple, que Galil\u00e9e fut condamn\u00e9 par l&rsquo;Inquisition il y a quatre si\u00e8cles en pr\u00e9tendant que la Terre n&rsquo;est pas au centre de l&rsquo;univers&#8230; et c&rsquo;est sous cette m\u00eame religion que se sont d\u00e9velopp\u00e9es quelques temps plus tard la science et la technique, qui ont amen\u00e9 des progr\u00e8s \u00e9conomiques et sociaux fulgurants.<\/p>\n<p>L&rsquo;islam a aussi abrit\u00e9 une civilisation glorieuse entre le 9e et 12e si\u00e8cle de notre \u00e8re. Selon les circonstances, la religion peut donc soit supporter, soit entraver des valeurs de progr\u00e8s qui profitent \u00e0 la majorit\u00e9.<\/p>\n<p>En somme, appuy\u00e9 par des am\u00e9liorations soutenues en mati\u00e8re \u00e9conomique et sociale, donnant espoir aux jeunes qui forment sa majorit\u00e9, le monde arabe est m\u00fbr pour un aggiornamento, sur tous les plans. Cela prendra bien s\u00fbr du temps, mais pour y arriver, l&rsquo;esprit critique doit dor\u00e9navant pr\u00e9dominer sur la lettre, l&rsquo;ijtihad sur la tradition.<\/p>\n","protected":false},"excerpt":{"rendered":"<p>La Presse, 28 septembre 2002 L&rsquo;auteur fut un des premiers universitaires qu\u00e9b\u00e9cois \u00e0 r\u00e9diger un m\u00e9moire de ma\u00eetrise sur l&rsquo;int\u00e9grisme musulman (1987 Universit\u00e9 de Montr\u00e9al). Nous poursuivons aujourd&rsquo;hui la publication de notre s\u00e9rie de textes dans lesquels des auteurs, \u00e0 partir d&rsquo;une phrase \u00e9crite pour les lecteurs de La Presse en 2001, \u00e0 la suite [&hellip;]<\/p>\n","protected":false},"author":1,"featured_media":0,"comment_status":"open","ping_status":"open","sticky":false,"template":"","format":"standard","meta":{"footnotes":""},"categories":[1],"tags":[79,239],"class_list":["post-1095","post","type-post","status-publish","format-standard","hentry","category-opinions","tag-islam","tag-reforme-de-lislam"],"_links":{"self":[{"href":"https:\/\/www.yvancliche.org\/index.php?rest_route=\/wp\/v2\/posts\/1095","targetHints":{"allow":["GET"]}}],"collection":[{"href":"https:\/\/www.yvancliche.org\/index.php?rest_route=\/wp\/v2\/posts"}],"about":[{"href":"https:\/\/www.yvancliche.org\/index.php?rest_route=\/wp\/v2\/types\/post"}],"author":[{"embeddable":true,"href":"https:\/\/www.yvancliche.org\/index.php?rest_route=\/wp\/v2\/users\/1"}],"replies":[{"embeddable":true,"href":"https:\/\/www.yvancliche.org\/index.php?rest_route=%2Fwp%2Fv2%2Fcomments&post=1095"}],"version-history":[{"count":3,"href":"https:\/\/www.yvancliche.org\/index.php?rest_route=\/wp\/v2\/posts\/1095\/revisions"}],"predecessor-version":[{"id":2687,"href":"https:\/\/www.yvancliche.org\/index.php?rest_route=\/wp\/v2\/posts\/1095\/revisions\/2687"}],"wp:attachment":[{"href":"https:\/\/www.yvancliche.org\/index.php?rest_route=%2Fwp%2Fv2%2Fmedia&parent=1095"}],"wp:term":[{"taxonomy":"category","embeddable":true,"href":"https:\/\/www.yvancliche.org\/index.php?rest_route=%2Fwp%2Fv2%2Fcategories&post=1095"},{"taxonomy":"post_tag","embeddable":true,"href":"https:\/\/www.yvancliche.org\/index.php?rest_route=%2Fwp%2Fv2%2Ftags&post=1095"}],"curies":[{"name":"wp","href":"https:\/\/api.w.org\/{rel}","templated":true}]}}