{"id":1110,"date":"2003-05-22T13:18:15","date_gmt":"2003-05-22T17:18:15","guid":{"rendered":"http:\/\/www.yvancliche.org\/?p=1110"},"modified":"2013-12-06T13:19:55","modified_gmt":"2013-12-06T18:19:55","slug":"maroc-desormais-linsecurite","status":"publish","type":"post","link":"https:\/\/www.yvancliche.org\/?p=1110","title":{"rendered":"Maroc : d\u00e9sormais l&rsquo;ins\u00e9curit\u00e9"},"content":{"rendered":"<p>La Presse, 22 mai 2003<br \/>\n<em>L&rsquo;auteur est conseiller en affaires internationales. <\/em><\/p>\n<p>AVEC LES ATTENTATS de Casablanca, qui ont fait des dizaines de morts dans la capitale \u00e9conomique du Maroc, le royaume ch\u00e9rifien vient vraisemblablement d&rsquo;entrer dans le club peu enviable des contr\u00e9es \u00e0 risque aux yeux des touristes occidentaux. Si cela s&rsquo;av\u00e8re, ce serait la pire chose qui pourrait arriver \u00e0 ce pays misant grandement sur son attrait touristique pour se sortir de sa morosit\u00e9. <\/p>\n<p>Dot\u00e9 d&rsquo;un objectif ambitieux de 10 millions de visiteurs d&rsquo;ici 2010, soit cinq fois les statistiques actuelles, le Maroc a en effet plac\u00e9 une bonne partie de ses espoirs de d\u00e9collage sur ce secteur n\u00e9vralgique. Ce ne sont donc pas tant les Occidentaux, les cibles apparentes de ces actes terroristes, qui en souffriront, mais les Marocains eux-m\u00eames. <\/p>\n<p>Les attentats ont-ils \u00e9t\u00e9 planifi\u00e9s par la mouvance al Qa\u00efda profitant de la relative libert\u00e9 offerte par ce pays, situ\u00e9 \u00e0 quelques kilom\u00e8tres de l&rsquo;Europe? Il est pour l&rsquo;heure difficile de r\u00e9pondre \u00e0 cette question mais, chose certaine, le Maroc constitue depuis quelques ann\u00e9es un terreau propice \u00e0 ce type d&rsquo;actions. <\/p>\n<p>Face \u00e0 une pauvret\u00e9 end\u00e9mique, devenue une caract\u00e9ristique centrale de ce pays, l&rsquo;int\u00e9grisme se d\u00e9ploie avec force et s&rsquo;attire une audience croissante. Les r\u00e9sultats \u00e9lectoraux du 27 septembre 2002 le prouvent amplement: le Parti de la justice et du d\u00e9veloppement, d&rsquo;ob\u00e9dience islamiste, a rafl\u00e9 42 des 325 si\u00e8ges au Parlement, remportant la victoire dans la majorit\u00e9 des comt\u00e9s o\u00f9 il s&rsquo;\u00e9tait pr\u00e9sent\u00e9. <\/p>\n<p>Les int\u00e9gristes forment maintenant la principale opposition au pays et ont investi maints secteurs, notamment les universit\u00e9s et tout le milieu scolaire, lieu strat\u00e9gique d&rsquo;influence \u00e9tant donn\u00e9 la jeunesse du pays. <\/p>\n<p>La perc\u00e9e islamiste, qui canalise les frustrations, se comprend sans trop de mal, quand on analyse les conditions internes affectant le Maroc. Ce dernier se situe encore nettement en dessous des rendements de ses voisins maghr\u00e9bins: le ch\u00f4mage atteint le quart de la population active, y compris chez les dipl\u00f4m\u00e9s; 55 % des quelque 30 millions de Marocains sont analphab\u00e8tes; 20 % de la population ne peut suffire \u00e0 ses besoins de base; la majorit\u00e9 n&rsquo;a pas acc\u00e8s \u00e0 un logement d\u00e9cent. <\/p>\n<p>Les politiques de d\u00e9veloppement lanc\u00e9es depuis l&rsquo;av\u00e8nement de roi Muhammed VI, en 1999, n&rsquo;ont pas apporter des am\u00e9liorations aux conditions de vie difficiles, ni r\u00e9ussi \u00e0 amenuiser les in\u00e9galit\u00e9s criantes, qui subsistent. R\u00e9sultat, le pays occupe encore les \u00e9chelons du bas des \u00e9conomies de la plan\u00e8te, comme le d\u00e9montre son 127e rang au classement du d\u00e9veloppement humain. <\/p>\n<p>Cette stagnation alimente un vif pessimisme face \u00e0 l&rsquo;avenir, un cynisme radical envers le r\u00e9gime et la classe politique. Les \u00e9lites sont per\u00e7ues comme uniquement int\u00e9ress\u00e9es \u00e0 tirer profit de leur place pour s&rsquo;enrichir et ainsi incapables d&rsquo;apporter les changements et les r\u00e9formes n\u00e9cessaires. <\/p>\n<p>Devant cela, pas \u00e9tonnant que le d\u00e9sir premier du Marocain moyen est l&rsquo;exil, sorte de r\u00eave idyllique symbolisant \u00e0 la fois la fuite et l&rsquo;espoir d&rsquo;une place taill\u00e9e sur le m\u00e9rite et non plus sur le mahzen, ses relations au sein du r\u00e9gime. Ce projet d&rsquo;\u00e9migration, partag\u00e9 et mis en oeuvre par des milliers d&rsquo;entre eux, explique que l&rsquo;on retrouve maintenant des communaut\u00e9s marocaines substantielles dans maints pays, dont la France, le Canada, les \u00c9tats-Unis, l&rsquo;Espagne, la Belgique, l&rsquo;Allemagne, la Hollande. <\/p>\n<p>En faisant reculer le tourisme et l&rsquo;attrait du pays aupr\u00e8s des investisseurs \u00e9trangers, les attentats de Casablanca ne pourront qu&rsquo;envenimer ce d\u00e9sespoir, nuire \u00e0 l&rsquo;\u00e9conomie en g\u00e9n\u00e9ral et potentiellement faire grandir la popularit\u00e9 de l&rsquo;int\u00e9grisme. Aux difficult\u00e9s \u00e9conomiques d\u00e9j\u00e0 bien lourdes, les Marocains devront d\u00e9sormais affronter un autre fl\u00e9au, l&rsquo;ins\u00e9curit\u00e9. <\/p>\n","protected":false},"excerpt":{"rendered":"<p>La Presse, 22 mai 2003 L&rsquo;auteur est conseiller en affaires internationales. AVEC LES ATTENTATS de Casablanca, qui ont fait des dizaines de morts dans la capitale \u00e9conomique du Maroc, le royaume ch\u00e9rifien vient vraisemblablement d&rsquo;entrer dans le club peu enviable des contr\u00e9es \u00e0 risque aux yeux des touristes occidentaux. Si cela s&rsquo;av\u00e8re, ce serait la [&hellip;]<\/p>\n","protected":false},"author":1,"featured_media":0,"comment_status":"open","ping_status":"open","sticky":false,"template":"","format":"standard","meta":{"footnotes":""},"categories":[1],"tags":[397,396],"class_list":["post-1110","post","type-post","status-publish","format-standard","hentry","category-opinions","tag-attentats","tag-maorc"],"_links":{"self":[{"href":"https:\/\/www.yvancliche.org\/index.php?rest_route=\/wp\/v2\/posts\/1110","targetHints":{"allow":["GET"]}}],"collection":[{"href":"https:\/\/www.yvancliche.org\/index.php?rest_route=\/wp\/v2\/posts"}],"about":[{"href":"https:\/\/www.yvancliche.org\/index.php?rest_route=\/wp\/v2\/types\/post"}],"author":[{"embeddable":true,"href":"https:\/\/www.yvancliche.org\/index.php?rest_route=\/wp\/v2\/users\/1"}],"replies":[{"embeddable":true,"href":"https:\/\/www.yvancliche.org\/index.php?rest_route=%2Fwp%2Fv2%2Fcomments&post=1110"}],"version-history":[{"count":1,"href":"https:\/\/www.yvancliche.org\/index.php?rest_route=\/wp\/v2\/posts\/1110\/revisions"}],"predecessor-version":[{"id":1111,"href":"https:\/\/www.yvancliche.org\/index.php?rest_route=\/wp\/v2\/posts\/1110\/revisions\/1111"}],"wp:attachment":[{"href":"https:\/\/www.yvancliche.org\/index.php?rest_route=%2Fwp%2Fv2%2Fmedia&parent=1110"}],"wp:term":[{"taxonomy":"category","embeddable":true,"href":"https:\/\/www.yvancliche.org\/index.php?rest_route=%2Fwp%2Fv2%2Fcategories&post=1110"},{"taxonomy":"post_tag","embeddable":true,"href":"https:\/\/www.yvancliche.org\/index.php?rest_route=%2Fwp%2Fv2%2Ftags&post=1110"}],"curies":[{"name":"wp","href":"https:\/\/api.w.org\/{rel}","templated":true}]}}