{"id":1126,"date":"2008-10-06T13:48:23","date_gmt":"2008-10-06T17:48:23","guid":{"rendered":"http:\/\/www.yvancliche.org\/?p=1126"},"modified":"2014-01-06T15:58:47","modified_gmt":"2014-01-06T20:58:47","slug":"un-magazine-bukinabe-pour-renforcer-la-voix-des-femmes","status":"publish","type":"post","link":"https:\/\/www.yvancliche.org\/?p=1126","title":{"rendered":"Un magazine bukinab\u00e9 pour renforcer la voix des femmes"},"content":{"rendered":"<p>Site web, Banque africaine de d\u00e9veloppement, octobre 2008<\/p>\n<p>Malgr\u00e9 le fait que la promotion du r\u00f4le de la femme soit explicitement reconnue comme un pilier du d\u00e9veloppement des soci\u00e9t\u00e9s africaines, la voix des femmes est encore trop peu entendue sur le continent africain. Heureusement, certaines s\u2019activent pour faire davantage \u00e9cho \u00e0 la pr\u00e9sence des femmes. C\u2019est le cas de Khadidja Tour\u00e9, fondatrice et directrice de publication du magazine Femme id\u00e9ale, publi\u00e9 au Burkina Faso.<\/p>\n<p>A travers ce produit d\u2019information mensuel, existant depuis trois ans, publi\u00e9 en fran\u00e7ais et tir\u00e9 \u00e0 3 000 exemplaires, Khadidja Tour\u00e9 combine son amour du journalisme et sa conviction relativement au r\u00f4le central des femmes pour r\u00e9ussir le pari du d\u00e9veloppement.<\/p>\n<p>Question : Comment vous est venue l\u2019id\u00e9e de fonder ce magazine ?<br \/>\nKahdidja Tour\u00e9 (KT)\u00a0: Ce magazine est n\u00e9 d\u2019une initiative de Femmes de la Communication, un organisme f\u00e9minin du milieu des m\u00e9dias au Burkina Faso. Les membres ont constat\u00e9 l\u2019absence dans notre pays de support m\u00e9diatique d\u00e9di\u00e9 aux enjeux propres des femmes et l\u2019int\u00e9r\u00eat d\u2019en d\u00e9velopper un pour soutenir leur r\u00f4le dans le d\u00e9veloppement du Burkina Faso.<\/p>\n<p>Q : Et quelle est sa vocation ?<br \/>\nKT : Nous visons \u00e0 montrer des exemples de r\u00e9ussite de la femme, et ceci pour contribuer \u00e0 l\u2019avanc\u00e9e du Burkina Faso et de l\u2019Afrique en g\u00e9n\u00e9ral. En premier lieu, nous voulons sensibiliser la femme sur la place qui lui revient, pour qu\u2019elle prenne conscience des possibilit\u00e9s qui lui sont offertes de s\u2019\u00e9panouir dans son milieu de vie. En deuxi\u00e8me lieu, nous visons des changements de comportement, afin que la femme agisse en faveur de son \u00e9panouissement, de la r\u00e9alisation de son plein potentiel.<\/p>\n<p>Nous voulons montrer que les femmes peuvent se prendre en mains et r\u00e9ussir dans leur carri\u00e8re, sans renier leur r\u00f4le familial. Nous parlons ainsi de sujets sensibles, comme les mariages pr\u00e9coces, les mariages forc\u00e9s, qui doivent \u00eatre soulev\u00e9s pour amener des changements progressifs dans notre pays.<\/p>\n<p>Q : Quels sont les grands d\u00e9fis que vous rencontr\u00e9s ?<br \/>\nKT : Certes, un des grands d\u00e9fis est li\u00e9 \u00e0 l\u2019alphab\u00e9tisation. Notre magazine est publi\u00e9 en fran\u00e7ais et les femmes doivent comprendre cette langue pour lire notre produit. Cette probl\u00e9matique est particuli\u00e8rement vraie en zones rurales. C\u2019est pourquoi nous d\u00e9veloppons un projet d\u2019alphab\u00e9tisation en zones rurales, afin que les messages diffus\u00e9es dans notre magazine puissent atteindre les femmes dans ces r\u00e9gions.<\/p>\n<p>Q : Et les hommes, comment r\u00e9agissent-ils \u00e0 l\u2019existence de ce magazine ?<br \/>\nKT : Bien s\u00fbr, certains raillent notre existence, mais cela ne nous d\u00e9range pas trop, car nous savons pourquoi nous sommes l\u00e0, nous sommes convaincues de la l\u00e9gitimit\u00e9 de notre cause, qui d\u00e9passe celui des femmes et s\u2019inscrit dans le registre du bien commun. Nous avons entre autres un appui financier de l\u2019Etat, qui reconna\u00eet ainsi la validit\u00e9 de notre mission.<\/p>\n<p>Q : Et quelle est-elle, la femme id\u00e9ale en Afrique ?<br \/>\nKT : La femme id\u00e9ale existe en chacune des femmes, c\u2019est une femme qui a quelque chose \u00e0 apporter, \u00e0 sa famille, \u00e0 ses proches, \u00e0 la soci\u00e9t\u00e9. La femme id\u00e9ale, c\u2019est celle qui veut s\u2019\u00e9panouir et partager.<\/p>\n<p>Propos recueillis \u00e0 Ouagadougou.<\/p>\n","protected":false},"excerpt":{"rendered":"<p>Site web, Banque africaine de d\u00e9veloppement, octobre 2008 Malgr\u00e9 le fait que la promotion du r\u00f4le de la femme soit explicitement reconnue comme un pilier du d\u00e9veloppement des soci\u00e9t\u00e9s africaines, la voix des femmes est encore trop peu entendue sur le continent africain. Heureusement, certaines s\u2019activent pour faire davantage \u00e9cho \u00e0 la pr\u00e9sence des femmes. [&hellip;]<\/p>\n","protected":false},"author":1,"featured_media":0,"comment_status":"open","ping_status":"open","sticky":false,"template":"","format":"standard","meta":{"footnotes":""},"categories":[387],"tags":[403,56],"class_list":["post-1126","post","type-post","status-publish","format-standard","hentry","category-articles","tag-burkina-faso","tag-developpement"],"_links":{"self":[{"href":"https:\/\/www.yvancliche.org\/index.php?rest_route=\/wp\/v2\/posts\/1126","targetHints":{"allow":["GET"]}}],"collection":[{"href":"https:\/\/www.yvancliche.org\/index.php?rest_route=\/wp\/v2\/posts"}],"about":[{"href":"https:\/\/www.yvancliche.org\/index.php?rest_route=\/wp\/v2\/types\/post"}],"author":[{"embeddable":true,"href":"https:\/\/www.yvancliche.org\/index.php?rest_route=\/wp\/v2\/users\/1"}],"replies":[{"embeddable":true,"href":"https:\/\/www.yvancliche.org\/index.php?rest_route=%2Fwp%2Fv2%2Fcomments&post=1126"}],"version-history":[{"count":3,"href":"https:\/\/www.yvancliche.org\/index.php?rest_route=\/wp\/v2\/posts\/1126\/revisions"}],"predecessor-version":[{"id":1658,"href":"https:\/\/www.yvancliche.org\/index.php?rest_route=\/wp\/v2\/posts\/1126\/revisions\/1658"}],"wp:attachment":[{"href":"https:\/\/www.yvancliche.org\/index.php?rest_route=%2Fwp%2Fv2%2Fmedia&parent=1126"}],"wp:term":[{"taxonomy":"category","embeddable":true,"href":"https:\/\/www.yvancliche.org\/index.php?rest_route=%2Fwp%2Fv2%2Fcategories&post=1126"},{"taxonomy":"post_tag","embeddable":true,"href":"https:\/\/www.yvancliche.org\/index.php?rest_route=%2Fwp%2Fv2%2Ftags&post=1126"}],"curies":[{"name":"wp","href":"https:\/\/api.w.org\/{rel}","templated":true}]}}