{"id":1167,"date":"2009-10-14T19:23:53","date_gmt":"2009-10-14T23:23:53","guid":{"rendered":"http:\/\/www.yvancliche.org\/?p=1167"},"modified":"2014-01-06T16:02:37","modified_gmt":"2014-01-06T21:02:37","slug":"steg-en-tunisie-assurer-une-qualite-sans-faille","status":"publish","type":"post","link":"https:\/\/www.yvancliche.org\/?p=1167","title":{"rendered":"STEG en Tunisie : assurer une qualit\u00e9 sans faille"},"content":{"rendered":"<p>Site web, Banque africaine de d\u00e9veloppement, 14 octobre 2009<\/p>\n<p>Entrevue avec le pr\u00e9sident de la STEG (Soci\u00e9t\u00e9 tunisienne d&rsquo;\u00e9lectricit\u00e9 et de gaz), Othman Ben Arfa.<\/p>\n<p>Question: Comme se porte la STEG ?<\/p>\n<p>R\u00e9ponse: En fait, la STEG qui a r\u00e9ussi \u00e0 relever les d\u00e9fis de l\u2019\u00e9lectrification, s\u2019est attel\u00e9e depuis 2002 \u00e0 parfaire les performances de son r\u00e9seau de distribution d\u2019\u00e9lectricit\u00e9. Il v a sans dire que les r\u00e9seaux de distribution d\u2019\u00e9lectricit\u00e9 ont sans cesse besoin d\u2019entretien et de maintenance. La STEG, soucieuse d\u2019assurer une qualit\u00e9 de fourniture sans faille, anticipe dans le cadre de ses options strat\u00e9giques, par la mise en place de programmes pluriannuels lui permettant de fournir \u00e0 sa client\u00e8le un produit toujours meilleur, notamment pour les zones industrielles, touristiques et urbaines de forte densit\u00e9.<\/p>\n<p>Question: Avec la g\u00e9n\u00e9ralisation de l\u2019acc\u00e8s \u00e0 l\u2019\u00e9lectricit\u00e9 en Tunisie, la STEG est une r\u00e9f\u00e9rence en mati\u00e8re d\u2019\u00e9lectrification dans le Continent. Envisagez-vous de faire b\u00e9n\u00e9ficier de votre expertise d\u2019autres pays africains ?<\/p>\n<p>R\u00e9ponse: La Tunisie est en effet, consid\u00e9r\u00e9e comme mod\u00e8le compte tenu des taux d\u2019\u00e9lectrification exemplaires atteints et qui sont comme vous le savez de 99,8 % en milieu urbain et de 98,8 % en milieu rural. La r\u00e9ussite du mod\u00e8le tunisien en la mati\u00e8re lui a valu le respect et la consid\u00e9ration \u00e0 l\u2019\u00e9chelle internationale aussi bien pour les r\u00e9sultats obtenus que pour la technique utilis\u00e9e et le sch\u00e9ma de financement adopt\u00e9.<\/p>\n<p>Pour la valorisation et la fructification de ce savoir faire, nous avons \u0153uvr\u00e9 pour la cr\u00e9ation en octobre 2006 de notre filiale STEG International Services, justement dans l\u2019esprit de valoriser d\u2019une mani\u00e8re structur\u00e9e et professionnelle, l\u2019exp\u00e9rience et le savoir faire ainsi que le capital confiance acquis par les diff\u00e9rents corps de m\u00e9tiers de l\u2019entreprise m\u00e8re.<\/p>\n<p>La cr\u00e9ation de cette filiale a \u00e9t\u00e9 d\u00e8s son d\u00e9marrage un succ\u00e8s eu \u00e9gard au nombre important de projets et de demandes d\u2019assistance provenant de plusieurs soci\u00e9t\u00e9s homologues de pays africains et arabes et ce, dans divers domaines allant des \u00e9tudes, \u00e0 la supervision de travaux de montage de centrales, \u00e0 la r\u00e9vision d\u2019unit\u00e9s de production d\u2019\u00e9lectricit\u00e9 en passant par l\u2019\u00e9lectrification rurale.<\/p>\n<p>Pour le continent africain, la question de l\u2019\u00e9lectrification rurale continue \u00e0 se situer parmi les premi\u00e8res priorit\u00e9s, avec une infrastructure \u00e9lectrique et des interconnexions encore \u00e0 leurs pr\u00e9misses et des ressources \u00e9nerg\u00e9tiques limit\u00e9es.<\/p>\n<p>Notre filiale STEG International Services a su ais\u00e9ment, cr\u00e9er des convergences et de r\u00e9elles strat\u00e9gies d\u2019investissement et de partenariat et mettre ainsi, en place une dynamique internationale de d\u00e9veloppement et de coop\u00e9ration notamment SUD\/SUD et bas\u00e9e sur le principe gagnant\/ gagnant. Les deux contrats sign\u00e9s avec la soci\u00e9t\u00e9 rwandaise d\u2019\u00e9lectricit\u00e9 (RECO) pour la r\u00e9alisation de projets pilotes d\u2019\u00e9lectrification rurale en est un pas non n\u00e9gligeable sur cette voie.<\/p>\n","protected":false},"excerpt":{"rendered":"<p>Site web, Banque africaine de d\u00e9veloppement, 14 octobre 2009 Entrevue avec le pr\u00e9sident de la STEG (Soci\u00e9t\u00e9 tunisienne d&rsquo;\u00e9lectricit\u00e9 et de gaz), Othman Ben Arfa. Question: Comme se porte la STEG ? R\u00e9ponse: En fait, la STEG qui a r\u00e9ussi \u00e0 relever les d\u00e9fis de l\u2019\u00e9lectrification, s\u2019est attel\u00e9e depuis 2002 \u00e0 parfaire les performances de [&hellip;]<\/p>\n","protected":false},"author":1,"featured_media":0,"comment_status":"open","ping_status":"open","sticky":false,"template":"","format":"standard","meta":{"footnotes":""},"categories":[387],"tags":[416,17],"class_list":["post-1167","post","type-post","status-publish","format-standard","hentry","category-articles","tag-steg","tag-tunisie"],"_links":{"self":[{"href":"https:\/\/www.yvancliche.org\/index.php?rest_route=\/wp\/v2\/posts\/1167","targetHints":{"allow":["GET"]}}],"collection":[{"href":"https:\/\/www.yvancliche.org\/index.php?rest_route=\/wp\/v2\/posts"}],"about":[{"href":"https:\/\/www.yvancliche.org\/index.php?rest_route=\/wp\/v2\/types\/post"}],"author":[{"embeddable":true,"href":"https:\/\/www.yvancliche.org\/index.php?rest_route=\/wp\/v2\/users\/1"}],"replies":[{"embeddable":true,"href":"https:\/\/www.yvancliche.org\/index.php?rest_route=%2Fwp%2Fv2%2Fcomments&post=1167"}],"version-history":[{"count":4,"href":"https:\/\/www.yvancliche.org\/index.php?rest_route=\/wp\/v2\/posts\/1167\/revisions"}],"predecessor-version":[{"id":1303,"href":"https:\/\/www.yvancliche.org\/index.php?rest_route=\/wp\/v2\/posts\/1167\/revisions\/1303"}],"wp:attachment":[{"href":"https:\/\/www.yvancliche.org\/index.php?rest_route=%2Fwp%2Fv2%2Fmedia&parent=1167"}],"wp:term":[{"taxonomy":"category","embeddable":true,"href":"https:\/\/www.yvancliche.org\/index.php?rest_route=%2Fwp%2Fv2%2Fcategories&post=1167"},{"taxonomy":"post_tag","embeddable":true,"href":"https:\/\/www.yvancliche.org\/index.php?rest_route=%2Fwp%2Fv2%2Ftags&post=1167"}],"curies":[{"name":"wp","href":"https:\/\/api.w.org\/{rel}","templated":true}]}}