{"id":1174,"date":"2007-11-28T19:35:28","date_gmt":"2007-11-29T00:35:28","guid":{"rendered":"http:\/\/www.yvancliche.org\/?p=1174"},"modified":"2013-12-06T19:38:26","modified_gmt":"2013-12-07T00:38:26","slug":"le-conseil-des-ministres-africains-de-leau-et-la-bad-organisent-la-premiere-edition-de-la-semaine-africaine-de-leau","status":"publish","type":"post","link":"https:\/\/www.yvancliche.org\/?p=1174","title":{"rendered":"Le Conseil des ministres africains de l\u2019eau et la BAD organisent la premi\u00e8re \u00e9dition de la Semaine africaine de l\u2019eau"},"content":{"rendered":"<p>Site web, Banque africaine de d\u00e9veloppement (BAD), 28 novembre 2007<\/p>\n<p>Mon premier communiqu\u00e9 \u00e0 la BAD<\/p>\n<p>Tunis, le 28 novembre 2007 \u2013 La premi\u00e8re \u00e9dition de la Semaine africaine de l\u2019eau se tiendra \u00e0 Tunis du 26 au 28 mars 2008, ont annonc\u00e9 le Conseil des ministres africains de l\u2019eau (AMCOW) et la Banque africaine de d\u00e9veloppement (BAD). Le th\u00e8me choisi pour cet \u00e9v\u00e9nement est \u00ab Acc\u00e9l\u00e9rer la s\u00e9curit\u00e9 de l\u2019eau pour le d\u00e9veloppement socio-\u00e9conomique de l\u2019Afrique \u00bb.<\/p>\n<p>La s\u00e9curit\u00e9 de l\u2019eau est la capacit\u00e9 de fournir un approvisionnement en eau suffisant et durable, en quantit\u00e9 et en qualit\u00e9, pour couvrir tous les usages et pour prot\u00e9ger la soci\u00e9t\u00e9 et l\u2019environnement d\u2019\u00e9ventuels d\u00e9sastres d\u2019origine hydrique.<\/p>\n<p>Le principal objectif de cette premi\u00e8re Semaine africaine de l\u2019eau est de cr\u00e9er un forum pour les professionnels africains du secteur, les parties prenantes et les partenaires afin d\u2019\u00e9changer sur les opportunit\u00e9s et les d\u00e9fis relatifs au renforcement de la s\u00e9curit\u00e9 de l\u2019eau afin de favoriser le d\u00e9veloppement socio-\u00e9conomique en Afrique. L\u2019\u00e9v\u00e9nement permettra aussi de formuler des strat\u00e9gies, des politiques et des actions concr\u00e8tes en mati\u00e8re de d\u00e9veloppement et de fourniture des ressources hydriques dans un contexte de changements climatiques.<\/p>\n<p>Le th\u00e8me de cet \u00e9v\u00e9nement d\u00e9coule de la \u00ab D\u00e9claration de Sirte \u00bb, du 27 f\u00e9vrier 2004, adopt\u00e9e par les chefs d\u2019Etat et de gouvernement africains, qui avait cibl\u00e9 l\u2019eau comme une priorit\u00e9 m\u00e9ritant des investissements d\u2019envergure en infrastructures, notamment pour la mise en place de r\u00e9servoirs, d\u2019\u00e9quipements d\u2019irrigation et pour le d\u00e9veloppement hydro\u00e9lectrique.<\/p>\n<p>Plus pr\u00e9cis\u00e9ment, les d\u00e9bats de la premi\u00e8re Semaine africaine de l\u2019eau tourneront autour des sujets suivants :<\/p>\n<p>-les le\u00e7ons tir\u00e9es \u00e0 l\u2019\u00e9chelle internationale relativement \u00e0 l\u2019atteinte de la s\u00e9curit\u00e9 de l\u2019eau ;<br \/>\n-les d\u00e9fis pos\u00e9s par la s\u00e9curit\u00e9 de l\u2019eau et l\u2019assainissement ;<br \/>\n-les investissements requis en infrastructure pour atteindre la s\u00e9curit\u00e9 de l\u2019eau ;<br \/>\n-les efforts n\u00e9cessaires pour am\u00e9liorer le syst\u00e8me d\u2019information et d\u2019expertise dans le domaine de l\u2019eau ;<br \/>\n-les d\u00e9fis sociaux et environnementaux li\u00e9s au d\u00e9veloppement d\u2019infrastructures hydriques ;<br \/>\n-les r\u00f4les des parties prenantes et le d\u00e9veloppement de partenariats.<\/p>\n<p>Le Conseil des ministres africains de l\u2019eau est compos\u00e9 des ministres africains responsables de l\u2019eau. Son mandat est d\u2019assurer un leadership politique, d\u2019imprimer des orientations et de promouvoir l\u2019approvisionnement, l\u2019utilisation et la gestion des ressources hydriques afin d\u2019assurer le d\u00e9veloppement et l\u2019exploitation durable des \u00e9cosyst\u00e8mes africains.<\/p>\n<p>Lors de sa sixi\u00e8me session ordinaire tenue au Congo Brazaville, du 28 au 31 mai 2007, le Conseil a convenu d\u2019institutionnaliser une Semaine africaine de l\u2019eau, la premi\u00e8re \u00e9dition devant \u00eatre organis\u00e9e \u00e0 Tunis sous l\u2019\u00e9gide de la BAD.<\/p>\n<p>CONTACT: Yvan Cliche \u2013 T\u00e9l.: +216 71 10 23 87 \u2013 Courriel: y.cliche@afdb.org<\/p>\n","protected":false},"excerpt":{"rendered":"<p>Site web, Banque africaine de d\u00e9veloppement (BAD), 28 novembre 2007 Mon premier communiqu\u00e9 \u00e0 la BAD Tunis, le 28 novembre 2007 \u2013 La premi\u00e8re \u00e9dition de la Semaine africaine de l\u2019eau se tiendra \u00e0 Tunis du 26 au 28 mars 2008, ont annonc\u00e9 le Conseil des ministres africains de l\u2019eau (AMCOW) et la Banque africaine [&hellip;]<\/p>\n","protected":false},"author":1,"featured_media":0,"comment_status":"open","ping_status":"open","sticky":false,"template":"","format":"standard","meta":{"footnotes":""},"categories":[387],"tags":[419],"class_list":["post-1174","post","type-post","status-publish","format-standard","hentry","category-articles","tag-semaine-africaine-de-leau"],"_links":{"self":[{"href":"https:\/\/www.yvancliche.org\/index.php?rest_route=\/wp\/v2\/posts\/1174","targetHints":{"allow":["GET"]}}],"collection":[{"href":"https:\/\/www.yvancliche.org\/index.php?rest_route=\/wp\/v2\/posts"}],"about":[{"href":"https:\/\/www.yvancliche.org\/index.php?rest_route=\/wp\/v2\/types\/post"}],"author":[{"embeddable":true,"href":"https:\/\/www.yvancliche.org\/index.php?rest_route=\/wp\/v2\/users\/1"}],"replies":[{"embeddable":true,"href":"https:\/\/www.yvancliche.org\/index.php?rest_route=%2Fwp%2Fv2%2Fcomments&post=1174"}],"version-history":[{"count":2,"href":"https:\/\/www.yvancliche.org\/index.php?rest_route=\/wp\/v2\/posts\/1174\/revisions"}],"predecessor-version":[{"id":1176,"href":"https:\/\/www.yvancliche.org\/index.php?rest_route=\/wp\/v2\/posts\/1174\/revisions\/1176"}],"wp:attachment":[{"href":"https:\/\/www.yvancliche.org\/index.php?rest_route=%2Fwp%2Fv2%2Fmedia&parent=1174"}],"wp:term":[{"taxonomy":"category","embeddable":true,"href":"https:\/\/www.yvancliche.org\/index.php?rest_route=%2Fwp%2Fv2%2Fcategories&post=1174"},{"taxonomy":"post_tag","embeddable":true,"href":"https:\/\/www.yvancliche.org\/index.php?rest_route=%2Fwp%2Fv2%2Ftags&post=1174"}],"curies":[{"name":"wp","href":"https:\/\/api.w.org\/{rel}","templated":true}]}}