{"id":1215,"date":"2002-03-04T23:01:09","date_gmt":"2002-03-05T04:01:09","guid":{"rendered":"http:\/\/www.yvancliche.org\/?p=1215"},"modified":"2014-01-07T15:06:57","modified_gmt":"2014-01-07T20:06:57","slug":"1215","status":"publish","type":"post","link":"https:\/\/www.yvancliche.org\/?p=1215","title":{"rendered":"V\u00e9ritable d\u00e9mocratie"},"content":{"rendered":"<p>M\u00e9tro, 4 mars 2002<\/p>\n<p>Il y aura finalement un Sommet de Montr\u00e9al en juin, plus pr\u00e9cis\u00e9ment les 4, 5 et 6. Ainsi en a d\u00e9cid\u00e9 le maire G\u00e9rald Tremblay, malgr\u00e9 la controverse entourant ce dossier. On le sait, la ville avait choisi, selon un processus d\u2019appel d\u2019offres en apparence conforme, une organisation peu connue, l\u2019Institut pour le progr\u00e8s socio-\u00e9conomique (IPSE), pour organiser ce m\u00e9ga-sommet dot\u00e9 d\u2019un budget de 850 000$. Or, a-t-on appris, cet institut \u00e9tait jusqu\u2019\u00e0 r\u00e9cemment dirig\u00e9 par M. Tremblay lui-m\u00eame et avait eu droit \u00e0 des informations privil\u00e9gi\u00e9es.<\/p>\n<p>Sans nullement remettre en cause l\u2019int\u00e9grit\u00e9 du nouveau maire, avouons que, pour un ex-ministre pourtant habitu\u00e9 \u00e0 la gestion publique, le premier magistrat de la nouvelle ville a quelque peu manqu\u00e9 de jugement dans cette affaire. Le maire Tremblay ne pouvait pas ne pas savoir que de s\u00e9rieux doutes seraient exprim\u00e9s si l\u2019IPSE \u00e9tait choisi pour un si lucratif contrat. On imagine bien ses habiles conseillers en relations publiques (ses \u00ab spin doctors \u00bb) le mettre en garde \u00e0 ce sujet !<\/p>\n<p>Mais saluons tout de m\u00eame sa d\u00e9termination \u00e0 ne pas jeter le b\u00e9b\u00e9 avec l\u2019eau du bain en prenant pr\u00e9texte de cette bourde pour annuler le Sommet. Car cet \u00e9v\u00e9nement sera, apr\u00e8s seulement six mois d\u2019existence par la nouvelle ville, un moment d\u00e9terminant pour d\u00e9gager les grands choix de d\u00e9veloppement de l\u2019\u00eele, qui ne manqueront pas d\u2019avoir un impact certain sur notre vie de tous les jours.<\/p>\n<p>Que l\u2019on pense \u00e0 l\u2019urbanisme, le d\u00e9veloppement communautaire, l\u2019int\u00e9gration des immigrants, les loisirs, la s\u00e9curit\u00e9 publique ou la gestion du trafic urbain, les consensus qui \u00e9mergeront deviendront en fait les engagements de la nouvelle administration, et sur lesquels elle sera jug\u00e9e et \u00e9valu\u00e9e. Il s\u2019agit donc d\u2019un exercice d\u00e9mocratique \u00e0 l\u2019avantage de tous ceux qui y participeront.<\/p>\n<p><strong>Une opposition cr\u00e9dible<\/strong><br \/>\nParlant de d\u00e9mocratie, voici une cons\u00e9quence positive de la r\u00e9alisation du projet<br \/>\n\u00ab une \u00eele, une ville \u00bb : l\u2019existence d\u2019une opposition forte et cr\u00e9dible. Bien souvent, la politique montr\u00e9alaise \u00e9tait l\u2019affaire du maire et de son cabinet. Celui-ci r\u00e9gnait presque sans partage, sans v\u00e9ritable opposition pour exercer un r\u00f4le critique de ses actions.<\/p>\n<p>Gr\u00e2ce \u00e0 l\u2019\u00e9lection de G\u00e9rald Tremblay et, surtout, \u00e0 la d\u00e9cision heureuse de l\u2019ex-maire Bourque de rester, on a maintenant droit \u00e0 d\u2019int\u00e9ressants duels entre l\u2019administration et l\u2019opposition. Forts de leur exp\u00e9rience ant\u00e9rieure et de leur assise populaire, Pierre Bourque et son parti forment une opposition solide, tr\u00e8s en mesure d\u2019\u00e9valuer avec pertinence le travail de la nouvelle \u00e9quipe au pouvoir. En ce sens, ce n\u2019est pas seulement un meilleur partage des richesses qu\u2019am\u00e8ne la nouvelle ville, mais aussi de r\u00e9els d\u00e9bats d\u00e9mocratiques \u00e0 la grandeur de l\u2019\u00eele.<\/p>\n","protected":false},"excerpt":{"rendered":"<p>M\u00e9tro, 4 mars 2002 Il y aura finalement un Sommet de Montr\u00e9al en juin, plus pr\u00e9cis\u00e9ment les 4, 5 et 6. Ainsi en a d\u00e9cid\u00e9 le maire G\u00e9rald Tremblay, malgr\u00e9 la controverse entourant ce dossier. On le sait, la ville avait choisi, selon un processus d\u2019appel d\u2019offres en apparence conforme, une organisation peu connue, l\u2019Institut [&hellip;]<\/p>\n","protected":false},"author":1,"featured_media":0,"comment_status":"open","ping_status":"open","sticky":false,"template":"","format":"standard","meta":{"footnotes":""},"categories":[1],"tags":[262],"class_list":["post-1215","post","type-post","status-publish","format-standard","hentry","category-opinions","tag-montreal"],"_links":{"self":[{"href":"https:\/\/www.yvancliche.org\/index.php?rest_route=\/wp\/v2\/posts\/1215","targetHints":{"allow":["GET"]}}],"collection":[{"href":"https:\/\/www.yvancliche.org\/index.php?rest_route=\/wp\/v2\/posts"}],"about":[{"href":"https:\/\/www.yvancliche.org\/index.php?rest_route=\/wp\/v2\/types\/post"}],"author":[{"embeddable":true,"href":"https:\/\/www.yvancliche.org\/index.php?rest_route=\/wp\/v2\/users\/1"}],"replies":[{"embeddable":true,"href":"https:\/\/www.yvancliche.org\/index.php?rest_route=%2Fwp%2Fv2%2Fcomments&post=1215"}],"version-history":[{"count":5,"href":"https:\/\/www.yvancliche.org\/index.php?rest_route=\/wp\/v2\/posts\/1215\/revisions"}],"predecessor-version":[{"id":1674,"href":"https:\/\/www.yvancliche.org\/index.php?rest_route=\/wp\/v2\/posts\/1215\/revisions\/1674"}],"wp:attachment":[{"href":"https:\/\/www.yvancliche.org\/index.php?rest_route=%2Fwp%2Fv2%2Fmedia&parent=1215"}],"wp:term":[{"taxonomy":"category","embeddable":true,"href":"https:\/\/www.yvancliche.org\/index.php?rest_route=%2Fwp%2Fv2%2Fcategories&post=1215"},{"taxonomy":"post_tag","embeddable":true,"href":"https:\/\/www.yvancliche.org\/index.php?rest_route=%2Fwp%2Fv2%2Ftags&post=1215"}],"curies":[{"name":"wp","href":"https:\/\/api.w.org\/{rel}","templated":true}]}}