{"id":1343,"date":"1988-04-09T11:48:05","date_gmt":"1988-04-09T15:48:05","guid":{"rendered":"http:\/\/www.yvancliche.org\/?p=1343"},"modified":"2013-12-09T11:53:56","modified_gmt":"2013-12-09T16:53:56","slug":"lefficacite-des-gestionnaires-et-des-organisations","status":"publish","type":"post","link":"https:\/\/www.yvancliche.org\/?p=1343","title":{"rendered":"L&rsquo;efficacit\u00e9 des gestionnaires et des organisations"},"content":{"rendered":"<p>Magazine Courants, avril-mai 1988<\/p>\n<p>Adrien Payette, L&rsquo;efficacit\u00e9 des gestionnaires et des organisations, Montr\u00e9al, Presses de l&rsquo;Universit\u00e9 du Qu\u00e9bec, 1988.<\/p>\n<p>L&rsquo;ouvrage d&rsquo;Adrien Payette, professeur \u00e0 I&rsquo;\u00c9NAP, se situe \u00e0 mi-chemin entre le style universitaire et l&rsquo;approche pratico-pratique. Son titre : L&rsquo;efficacit\u00e9 des gestionnaires et des organisations. L&rsquo;auteur convie les gestionnaires \u00e0 r\u00e9fl\u00e9chir sur le management des organisations, plus pr\u00e9cis\u00e9ment sur leur efficacit\u00e9 \u00e0 administrer des unit\u00e9s organisationnelles. <\/p>\n<p>L&rsquo;ouvrage n&rsquo;a pas cette allure serr\u00e9e des expos\u00e9s th\u00e9oriques. Exercices et temps de r\u00e9flexion pars\u00e8ment la lecture du livre, largement entrecoup\u00e9 de sous-titres et agr\u00e9ment\u00e9 de sch\u00e9mas visant \u00e0 simplifier<br \/>\nla compr\u00e9hension des concepts expos\u00e9s. <\/p>\n<p>Que doivent avoir acquis les gestionnaires \u00e0 la lecture de ce livre ? Plus que la volont\u00e9 de devenir comp\u00e9tents, ils doivent, esp\u00e8re Adrien Payette, ressentir le plaisir de la qualit\u00e9. La personne du gestionnaire, estime l&rsquo;auteur, est son principal outil de gestion. Il importe donc, poursuit-il, de ne pas seulement d\u00e9velopper les comp\u00e9tences techniques mais toute le c\u00f4t\u00e9 humain, \u00e9tant donn\u00e9 leur r\u00f4le de dirigeant dans nos soci\u00e9t\u00e9s. <\/p>\n<p>\u00c9crit dans un esprit o\u00f9 philosophie et humanisme sont pr\u00e9sents, l&rsquo;ouvrage pourra surprendre les lecteurs avides de faits et de logique. Il est en effet parfois difficile de suivre le cheminement de l&rsquo;auteur, qui aime bien s&rsquo;aventurer dans les voies quelquefois p\u00e9rilleuses des r\u00e9flexions sur \u00ab l&rsquo;Homme et la Vie \u00bb. <\/p>\n<p>Pour d&rsquo;autres toutefois, cette approche pourra s&rsquo;av\u00e9rer un bain de fra\u00eecheur dans la s\u00e9rie des travaux souvent arides \u00e9crits sur le management des organisations.<\/p>\n","protected":false},"excerpt":{"rendered":"<p>Magazine Courants, avril-mai 1988 Adrien Payette, L&rsquo;efficacit\u00e9 des gestionnaires et des organisations, Montr\u00e9al, Presses de l&rsquo;Universit\u00e9 du Qu\u00e9bec, 1988. L&rsquo;ouvrage d&rsquo;Adrien Payette, professeur \u00e0 I&rsquo;\u00c9NAP, se situe \u00e0 mi-chemin entre le style universitaire et l&rsquo;approche pratico-pratique. Son titre : L&rsquo;efficacit\u00e9 des gestionnaires et des organisations. L&rsquo;auteur convie les gestionnaires \u00e0 r\u00e9fl\u00e9chir sur le management des [&hellip;]<\/p>\n","protected":false},"author":1,"featured_media":0,"comment_status":"open","ping_status":"open","sticky":false,"template":"","format":"standard","meta":{"footnotes":""},"categories":[4],"tags":[436,438,437],"class_list":["post-1343","post","type-post","status-publish","format-standard","hentry","category-critique_de_livres","tag-adrien-payette","tag-efficacite","tag-gestion"],"_links":{"self":[{"href":"https:\/\/www.yvancliche.org\/index.php?rest_route=\/wp\/v2\/posts\/1343","targetHints":{"allow":["GET"]}}],"collection":[{"href":"https:\/\/www.yvancliche.org\/index.php?rest_route=\/wp\/v2\/posts"}],"about":[{"href":"https:\/\/www.yvancliche.org\/index.php?rest_route=\/wp\/v2\/types\/post"}],"author":[{"embeddable":true,"href":"https:\/\/www.yvancliche.org\/index.php?rest_route=\/wp\/v2\/users\/1"}],"replies":[{"embeddable":true,"href":"https:\/\/www.yvancliche.org\/index.php?rest_route=%2Fwp%2Fv2%2Fcomments&post=1343"}],"version-history":[{"count":1,"href":"https:\/\/www.yvancliche.org\/index.php?rest_route=\/wp\/v2\/posts\/1343\/revisions"}],"predecessor-version":[{"id":1344,"href":"https:\/\/www.yvancliche.org\/index.php?rest_route=\/wp\/v2\/posts\/1343\/revisions\/1344"}],"wp:attachment":[{"href":"https:\/\/www.yvancliche.org\/index.php?rest_route=%2Fwp%2Fv2%2Fmedia&parent=1343"}],"wp:term":[{"taxonomy":"category","embeddable":true,"href":"https:\/\/www.yvancliche.org\/index.php?rest_route=%2Fwp%2Fv2%2Fcategories&post=1343"},{"taxonomy":"post_tag","embeddable":true,"href":"https:\/\/www.yvancliche.org\/index.php?rest_route=%2Fwp%2Fv2%2Ftags&post=1343"}],"curies":[{"name":"wp","href":"https:\/\/api.w.org\/{rel}","templated":true}]}}