{"id":1349,"date":"1988-08-09T12:04:03","date_gmt":"1988-08-09T16:04:03","guid":{"rendered":"http:\/\/www.yvancliche.org\/?p=1349"},"modified":"2014-01-03T13:49:12","modified_gmt":"2014-01-03T18:49:12","slug":"encadrement-dynamique-programme-pour-les-petites-et-moyennes-organisations-publiques","status":"publish","type":"post","link":"https:\/\/www.yvancliche.org\/?p=1349","title":{"rendered":"Encadrement dynamique. Programme pour les petites et moyennes organisations publiques"},"content":{"rendered":"<p>Magazine Courants, juin-juillet-ao\u00fbt 1988<\/p>\n<p>Robert Sabino, Encadrement dynamique, Programme pour les petites et moyennes organisations publiques, Montr\u00e9al, \u00c9ditions Agence d&rsquo;Arc, 1988.<\/p>\n<p>Un des faits marquants de la d\u00e9cennie qui s&rsquo;ach\u00e8ve aura certes \u00e9t\u00e9 la r\u00e9duction du r\u00f4le de l&rsquo;\u00c9tat, sur le plan social et \u00e9conomique. Apr\u00e8s avoir assist\u00e9 \u00e0 la forte croissance des services publics, le Qu\u00e9bec, comme nombre de pays occidentaux sensibles au discours n\u00e9olib\u00e9ral, privatise, r\u00e9duit les budgets, coupe certains services autrefois consid\u00e9r\u00e9s comme essentiels. <\/p>\n<p>Pour maintenir le niveau actuel des services, les cadres de l&rsquo;\u00c9tat devront accro\u00eetre leur productivit\u00e9 et devenir plus performants.<\/p>\n<p>Comment faire ? Par o\u00f9 commencer ? <\/p>\n<p>Voil\u00e0 des questions auxquelles r\u00e9pond Richard Sabino dans son livre Encadrement dynamique, Programme pour les petites et moyennes organisations publiques. L&rsquo;auteur propose un programme simple mais vigoureux, afin d&rsquo;am\u00e9liorer l&rsquo;efficacit\u00e9 des services publics. Lui-m\u00eame y travaille : il est directeur g\u00e9n\u00e9ral d&rsquo;un centre d&rsquo;accueil.<\/p>\n<p>Il ne s&rsquo;agit pas, insiste-t-il, de \u00ab faire plus, mais de travailler mieux gr\u00e2ce \u00e0 un encadrement plus dynamique \u00bb. Son programme s&rsquo;appuie sur cinq id\u00e9es qui s&rsquo;adressent aux principaux acteurs de la fonction publique, soit les cadres. Apr\u00e8s avoir identifi\u00e9 les principaux fl\u00e9aux qui minent la rentabilit\u00e9 des services publics, il en vient aux cinq \u00e9l\u00e9ments de sa r\u00e9forme : choix du bon candidat pour combler un poste pr\u00e9cis au bon moment; d\u00e9termination d&rsquo;un plan de travail et identification des priorit\u00e9s ; auto-\u00e9valuation p\u00e9riodique et bilan des r\u00e9alisations ; recherche d&rsquo;un perfectionnement continu et pr\u00e9paration de la rel\u00e8ve ; et, enfin, mise au point d&rsquo;un plan de carri\u00e8re collectif et mobile. <\/p>\n<p>Comme l&rsquo;auteur le mentionne, entre une fonction publique lourde, an\u00e9mique et une fonction publique d\u00e9garnie, il existe une troisi\u00e8me voie, celle d&rsquo;une fonction publique r\u00e9form\u00e9e par un meilleur encadrement de ses cadres, pouss\u00e9s \u00e0 devenir plus performants et productifs. <\/p>\n<p>Robert Sabino peut para\u00eetre simple \u00e0 quelques-uns, il n&rsquo;en ouvre pas moins de nouvelles perspectives sur le travail et le r\u00f4le qu&rsquo;auront \u00e0 assumer les fonctionnaires durant les prochaines ann\u00e9es.<\/p>\n","protected":false},"excerpt":{"rendered":"<p>Magazine Courants, juin-juillet-ao\u00fbt 1988 Robert Sabino, Encadrement dynamique, Programme pour les petites et moyennes organisations publiques, Montr\u00e9al, \u00c9ditions Agence d&rsquo;Arc, 1988. Un des faits marquants de la d\u00e9cennie qui s&rsquo;ach\u00e8ve aura certes \u00e9t\u00e9 la r\u00e9duction du r\u00f4le de l&rsquo;\u00c9tat, sur le plan social et \u00e9conomique. Apr\u00e8s avoir assist\u00e9 \u00e0 la forte croissance des services publics, [&hellip;]<\/p>\n","protected":false},"author":1,"featured_media":0,"comment_status":"open","ping_status":"open","sticky":false,"template":"","format":"standard","meta":{"footnotes":""},"categories":[4],"tags":[445,444],"class_list":["post-1349","post","type-post","status-publish","format-standard","hentry","category-critique_de_livres","tag-petite-et-moyenne-entreprise","tag-robert-sabino"],"_links":{"self":[{"href":"https:\/\/www.yvancliche.org\/index.php?rest_route=\/wp\/v2\/posts\/1349","targetHints":{"allow":["GET"]}}],"collection":[{"href":"https:\/\/www.yvancliche.org\/index.php?rest_route=\/wp\/v2\/posts"}],"about":[{"href":"https:\/\/www.yvancliche.org\/index.php?rest_route=\/wp\/v2\/types\/post"}],"author":[{"embeddable":true,"href":"https:\/\/www.yvancliche.org\/index.php?rest_route=\/wp\/v2\/users\/1"}],"replies":[{"embeddable":true,"href":"https:\/\/www.yvancliche.org\/index.php?rest_route=%2Fwp%2Fv2%2Fcomments&post=1349"}],"version-history":[{"count":4,"href":"https:\/\/www.yvancliche.org\/index.php?rest_route=\/wp\/v2\/posts\/1349\/revisions"}],"predecessor-version":[{"id":1582,"href":"https:\/\/www.yvancliche.org\/index.php?rest_route=\/wp\/v2\/posts\/1349\/revisions\/1582"}],"wp:attachment":[{"href":"https:\/\/www.yvancliche.org\/index.php?rest_route=%2Fwp%2Fv2%2Fmedia&parent=1349"}],"wp:term":[{"taxonomy":"category","embeddable":true,"href":"https:\/\/www.yvancliche.org\/index.php?rest_route=%2Fwp%2Fv2%2Fcategories&post=1349"},{"taxonomy":"post_tag","embeddable":true,"href":"https:\/\/www.yvancliche.org\/index.php?rest_route=%2Fwp%2Fv2%2Ftags&post=1349"}],"curies":[{"name":"wp","href":"https:\/\/api.w.org\/{rel}","templated":true}]}}