{"id":1353,"date":"1988-08-09T12:12:17","date_gmt":"1988-08-09T16:12:17","guid":{"rendered":"http:\/\/www.yvancliche.org\/?p=1353"},"modified":"2014-01-02T16:45:32","modified_gmt":"2014-01-02T21:45:32","slug":"la-culture-organisationnelle-aspects-theoriques-pratiques-et-methodologiques","status":"publish","type":"post","link":"https:\/\/www.yvancliche.org\/?p=1353","title":{"rendered":"La culture organisationnelle : aspects th\u00e9oriques, pratiques et m\u00e9thodologiques"},"content":{"rendered":"<p>Magazine Courants, juin-juillet-ao\u00fbt 1988<\/p>\n<p>Abravanel, Allaire, Firsirotu, Hobbs, Poupart et Simard, La culture organisationnelle : aspects th\u00e9oriques, pratiques et m\u00e9thodologiques, Montr\u00e9al, Ga\u00e9tan Morin, \u00e9diteur, 1988.<\/p>\n<p>Six professeurs d&rsquo;universit\u00e9s qu\u00e9b\u00e9coises se sont associ\u00e9s pour faire le point sur le th\u00e8me connu, mais combien galvaud\u00e9, de la culture organisationnelle. Ainsi que le mentionne d&rsquo;ailleurs les auteurs, deux dangers assombrissent l&rsquo;\u00e9tude d&rsquo;une id\u00e9e devenue \u00e0 la mode : le premier est d&rsquo;oublier ses racines historiques et scientifiques et le second est d&rsquo;\u00e9vacuer la complexit\u00e9 et la diversit\u00e9 qui la caract\u00e9rise.<\/p>\n<p>L&rsquo;ouvrage, La culture organisationnelle: aspects th\u00e9oriques, pratiques et m\u00e9thodologiques, veut r\u00e9pondre \u00e0 trois probl\u00e9matiques. La premi\u00e8re concerne l&rsquo;utilit\u00e9 d&rsquo;un tel mod\u00e8le, la deuxi\u00e8me porte sur les m\u00e9thodes d&rsquo;\u00e9tude et la troisi\u00e8me touche des recherches appliqu\u00e9es \u00e0 partir du concept de culture organisationnelle. Dans le premier chapitre de l&rsquo;ouvrage, les professeurs Yvan Allaire et Mihaela E. Firsirotu de I&rsquo;UOAM pr\u00e9sentent le th\u00e9ories de la culture organisationnelle. <\/p>\n<p>Malgr\u00e9 le caract\u00e8re r\u00e9cent de cette notion, plusieurs \u00e9coles se partagent diff\u00e9rentes interpr\u00e9tations. N\u00e9anmoins, selon les chercheurs, il faut consid\u00e9rer la culture d&rsquo;une organisation non pas comme une donn\u00e9e statique, mais \u00ab comme un syst\u00e8me particulier de symboles, influenc\u00e9 par la soci\u00e9t\u00e9 environnante, par l&rsquo;histoire de l&rsquo;organisation, et par ses leaders pass\u00e9s, ainsi que par divers facteurs de contingence \u00bb (tels le secteur d&rsquo;activit\u00e9 de l&rsquo;organisation, la technologie qu&rsquo;elle utilise, etc.). <\/p>\n<p>Un r\u00e9sum\u00e9 aussi succinct ne peut r\u00e9v\u00e9ler la richesse de l&rsquo;ouvrage. <\/p>\n<p>En effet, le livre, \u00e9crit en collaboration, explore plusieurs aspects reli\u00e9s \u00e0 l&rsquo;\u00e9tude de la culture organisationnelle (tels les mythes, les symboles, l&rsquo;id\u00e9ologie) et est \u00e0 teneur hautement acad\u00e9mique. Quelques heures paisibles, dans votre salon, crayon en main, vous permettront d&rsquo;\u00e9toffer consid\u00e9rablement votre discours sur un sujet encore en vogue.<\/p>\n","protected":false},"excerpt":{"rendered":"<p>Magazine Courants, juin-juillet-ao\u00fbt 1988 Abravanel, Allaire, Firsirotu, Hobbs, Poupart et Simard, La culture organisationnelle : aspects th\u00e9oriques, pratiques et m\u00e9thodologiques, Montr\u00e9al, Ga\u00e9tan Morin, \u00e9diteur, 1988. Six professeurs d&rsquo;universit\u00e9s qu\u00e9b\u00e9coises se sont associ\u00e9s pour faire le point sur le th\u00e8me connu, mais combien galvaud\u00e9, de la culture organisationnelle. Ainsi que le mentionne d&rsquo;ailleurs les auteurs, deux [&hellip;]<\/p>\n","protected":false},"author":1,"featured_media":0,"comment_status":"open","ping_status":"open","sticky":false,"template":"","format":"standard","meta":{"footnotes":""},"categories":[4],"tags":[448],"class_list":["post-1353","post","type-post","status-publish","format-standard","hentry","category-critique_de_livres","tag-culture-organisationnelle"],"_links":{"self":[{"href":"https:\/\/www.yvancliche.org\/index.php?rest_route=\/wp\/v2\/posts\/1353","targetHints":{"allow":["GET"]}}],"collection":[{"href":"https:\/\/www.yvancliche.org\/index.php?rest_route=\/wp\/v2\/posts"}],"about":[{"href":"https:\/\/www.yvancliche.org\/index.php?rest_route=\/wp\/v2\/types\/post"}],"author":[{"embeddable":true,"href":"https:\/\/www.yvancliche.org\/index.php?rest_route=\/wp\/v2\/users\/1"}],"replies":[{"embeddable":true,"href":"https:\/\/www.yvancliche.org\/index.php?rest_route=%2Fwp%2Fv2%2Fcomments&post=1353"}],"version-history":[{"count":2,"href":"https:\/\/www.yvancliche.org\/index.php?rest_route=\/wp\/v2\/posts\/1353\/revisions"}],"predecessor-version":[{"id":1581,"href":"https:\/\/www.yvancliche.org\/index.php?rest_route=\/wp\/v2\/posts\/1353\/revisions\/1581"}],"wp:attachment":[{"href":"https:\/\/www.yvancliche.org\/index.php?rest_route=%2Fwp%2Fv2%2Fmedia&parent=1353"}],"wp:term":[{"taxonomy":"category","embeddable":true,"href":"https:\/\/www.yvancliche.org\/index.php?rest_route=%2Fwp%2Fv2%2Fcategories&post=1353"},{"taxonomy":"post_tag","embeddable":true,"href":"https:\/\/www.yvancliche.org\/index.php?rest_route=%2Fwp%2Fv2%2Ftags&post=1353"}],"curies":[{"name":"wp","href":"https:\/\/api.w.org\/{rel}","templated":true}]}}