{"id":1459,"date":"1982-12-18T10:11:48","date_gmt":"1982-12-18T15:11:48","guid":{"rendered":"http:\/\/www.yvancliche.org\/?p=1459"},"modified":"2021-03-01T18:43:04","modified_gmt":"2021-03-01T23:43:04","slug":"koestler-un-des-grands","status":"publish","type":"post","link":"https:\/\/www.yvancliche.org\/?p=1459","title":{"rendered":"Koestler : un des grands"},"content":{"rendered":"<p>Pol\u00e9mique, 1982<\/p>\n<p>Ce n\u2019\u00e9tait pas un \u00e9v\u00e9nement banal que la mort d\u2019Arthur Koestler, d\u00e9c\u00e9d\u00e9 le 3 mars dernier \u00e0 77 ans. \u00c9crivain prolifique, il a d\u00e9velopp\u00e9 des id\u00e9es qui marqueront longtemps la vie intellectuelle. Koestler, d\u2019origine juive hongroise, sera toujours reconnu comme un \u00e9crivain sans attache. Refusant le dogmatisme, il se fera le d\u00e9mystificateur de nombreuses conceptions bien \u00e9tablies.<\/p>\n<p>L\u2019int\u00e9r\u00eat que l\u2019on peut porter pour les \u00e9crits de cet intellectuel tient du fait qu\u2019il a toujours \u00e9t\u00e9 anim\u00e9 du d\u00e9sir de se questionner sur le sens profond de la vie.<\/p>\n<p>Pour Koestler, l\u2019\u00eatre humain est \u00ab d\u00e9chir\u00e9 \u00bb entre deux conceptions compl\u00e9mentaires et\/ou contradictoires : l\u2019une se rattache plus \u00e0 ce qui est \u00ab int\u00e9rieur \u00bb, elle fait appel au caract\u00e8re plus \u00ab mystique \u00bb de l\u2019individu ; l\u2019autre attitude est celle plus \u00ab rationaliste \u00bb, tourn\u00e9e vers l\u2019\u00abext\u00e9rieur \u00bb.<\/p>\n<p>Personnage qu\u2019on disait controvers\u00e9, \u00e0 l\u2019\u00e9criture journalistique, Arthur Koestler aura \u00e9t\u00e9 un des plus importants philosophes de notre temps et un des penseurs les plus lucides du XXe si\u00e8cle.<\/p>\n","protected":false},"excerpt":{"rendered":"<p>Pol\u00e9mique, 1982 Ce n\u2019\u00e9tait pas un \u00e9v\u00e9nement banal que la mort d\u2019Arthur Koestler, d\u00e9c\u00e9d\u00e9 le 3 mars dernier \u00e0 77 ans. \u00c9crivain prolifique, il a d\u00e9velopp\u00e9 des id\u00e9es qui marqueront longtemps la vie intellectuelle. Koestler, d\u2019origine juive hongroise, sera toujours reconnu comme un \u00e9crivain sans attache. Refusant le dogmatisme, il se fera le d\u00e9mystificateur de [&hellip;]<\/p>\n","protected":false},"author":1,"featured_media":0,"comment_status":"open","ping_status":"open","sticky":false,"template":"","format":"standard","meta":{"footnotes":""},"categories":[1],"tags":[482],"class_list":["post-1459","post","type-post","status-publish","format-standard","hentry","category-opinions","tag-keostler"],"_links":{"self":[{"href":"https:\/\/www.yvancliche.org\/index.php?rest_route=\/wp\/v2\/posts\/1459","targetHints":{"allow":["GET"]}}],"collection":[{"href":"https:\/\/www.yvancliche.org\/index.php?rest_route=\/wp\/v2\/posts"}],"about":[{"href":"https:\/\/www.yvancliche.org\/index.php?rest_route=\/wp\/v2\/types\/post"}],"author":[{"embeddable":true,"href":"https:\/\/www.yvancliche.org\/index.php?rest_route=\/wp\/v2\/users\/1"}],"replies":[{"embeddable":true,"href":"https:\/\/www.yvancliche.org\/index.php?rest_route=%2Fwp%2Fv2%2Fcomments&post=1459"}],"version-history":[{"count":3,"href":"https:\/\/www.yvancliche.org\/index.php?rest_route=\/wp\/v2\/posts\/1459\/revisions"}],"predecessor-version":[{"id":2744,"href":"https:\/\/www.yvancliche.org\/index.php?rest_route=\/wp\/v2\/posts\/1459\/revisions\/2744"}],"wp:attachment":[{"href":"https:\/\/www.yvancliche.org\/index.php?rest_route=%2Fwp%2Fv2%2Fmedia&parent=1459"}],"wp:term":[{"taxonomy":"category","embeddable":true,"href":"https:\/\/www.yvancliche.org\/index.php?rest_route=%2Fwp%2Fv2%2Fcategories&post=1459"},{"taxonomy":"post_tag","embeddable":true,"href":"https:\/\/www.yvancliche.org\/index.php?rest_route=%2Fwp%2Fv2%2Ftags&post=1459"}],"curies":[{"name":"wp","href":"https:\/\/api.w.org\/{rel}","templated":true}]}}