{"id":1490,"date":"1986-03-03T09:36:44","date_gmt":"1986-03-03T14:36:44","guid":{"rendered":"http:\/\/www.yvancliche.org\/?p=1490"},"modified":"2013-12-20T09:38:43","modified_gmt":"2013-12-20T14:38:43","slug":"les-etudiants-etrangers-entre-la-tourtiere-et-le-couscous","status":"publish","type":"post","link":"https:\/\/www.yvancliche.org\/?p=1490","title":{"rendered":"Les \u00e9tudiants \u00e9trangers : entre la tourti\u00e8re et le couscous"},"content":{"rendered":"<p>Pol\u00e9mique, 3 mars 1986<\/p>\n<p>Depuis quelques ann\u00e9es, on enregistre une baisse sensible du nombre d\u2019\u00e9tudiants \u00e9trangers peuplant les universit\u00e9s qu\u00e9b\u00e9coises. Simplement \u00e0 l\u2019U de M, le nombre de demandes d\u2019admission a chut\u00e9 de 16,7 % entre l\u2019automne 83 et 84 et de 21,3 % entre l\u2019hiver 84 et l\u2019hiver 85.<\/p>\n<p>Paradoxalement, ces statistiques vont tout \u00e0 fait \u00e0 contre-courant des d\u00e9clarations gouvernementales proclam\u00e9es depuis des ann\u00e9es, et qui pr\u00f4nent l\u2019ouverture du Qu\u00e9bec sur le monde.<\/p>\n<p>En raison de la diminution des revenus faisant suite \u00e0 la vague de coupures budg\u00e9taires d\u00e9cr\u00e9t\u00e9es par les mandarins de l\u2019\u00e9poque \u00e0 Qu\u00e9bec au cours des ann\u00e9es 80-84, les universit\u00e9s ont \u00e9t\u00e9, comme \u00e0 peu pr\u00e8s tous les secteurs de l\u2019administration publique, fortement secou\u00e9es et ont d\u00fb proc\u00e9der \u00e0 des r\u00e9am\u00e9nagements. Or, une des strat\u00e9gies qu\u2019elles ont privil\u00e9gi\u00e9e afin de favoriser des rentr\u00e9es suppl\u00e9mentaires de fonds a \u00e9t\u00e9 d\u2019augmenter consid\u00e9rablement les frais de scolarit\u00e9 impos\u00e9s \u00e0 toute une gamme d\u2019\u00e9tudiants provenant de l\u2019ext\u00e9rieur du Qu\u00e9bec.<\/p>\n<p>M\u00eame si la relation de cause \u00e0 effet entre la hausse des frais de scolarit\u00e9 et la baisse du nombre d\u2019\u00e9tudiants \u00e9trangers \u00e0 l\u2019universit\u00e9 reste \u00e0 \u00eatre d\u00e9montr\u00e9e, il n\u2019en demeure pas moins que la politique actuelle ne favorise gu\u00e8re la venue d\u2019\u00e9tudiants non-qu\u00e9b\u00e9cois parmi nos institutions du haut savoir. <\/p>\n<p>Cette politique peut s\u2019av\u00e9rer fort dommageable \u00e0 long terme, d\u2019autant qu\u2019elle diminue la communaut\u00e9 d\u2019interlocuteurs potentiels dont le Qu\u00e9bec pourrait profiter dans ses futurs rapports internationaux. Est-ce faire preuve de sagesse politique et d\u2019ouverture que de proc\u00e9der de cette fa\u00e7on, au moment o\u00f9 la conqu\u00eate de march\u00e9s ext\u00e9rieurs s\u2019av\u00e8re cruciale pour l\u2019avenir de la soci\u00e9t\u00e9 qu\u00e9b\u00e9coise ?<\/p>\n<p>Le nouveau gouvernement entend r\u00e9viser la politique \u00e9tablie par l\u2019ancienne administration. D\u00e9j\u00e0, le ministre de l\u2019Enseignement sup\u00e9rieur et de la Technologie, M. Ryan, avait fait valoir, du temps o\u00f9 il si\u00e9geait dans l\u2019opposition, sa r\u00e9probation face \u00e0 cette approche. Esp\u00e9rons qu\u2019il saura trouver le compromis n\u00e9cessaire entre la rationalisation des fonds publics dont l\u2019actuel gouvernement se fait le champion et le besoin imp\u00e9rieux du Qu\u00e9bec de se b\u00e2tir un r\u00e9seau d\u2019influence sur la sc\u00e8ne internationale.<\/p>\n","protected":false},"excerpt":{"rendered":"<p>Pol\u00e9mique, 3 mars 1986 Depuis quelques ann\u00e9es, on enregistre une baisse sensible du nombre d\u2019\u00e9tudiants \u00e9trangers peuplant les universit\u00e9s qu\u00e9b\u00e9coises. Simplement \u00e0 l\u2019U de M, le nombre de demandes d\u2019admission a chut\u00e9 de 16,7 % entre l\u2019automne 83 et 84 et de 21,3 % entre l\u2019hiver 84 et l\u2019hiver 85. Paradoxalement, ces statistiques vont tout [&hellip;]<\/p>\n","protected":false},"author":1,"featured_media":0,"comment_status":"open","ping_status":"open","sticky":false,"template":"","format":"standard","meta":{"footnotes":""},"categories":[1],"tags":[485],"class_list":["post-1490","post","type-post","status-publish","format-standard","hentry","category-opinions","tag-etudiants-etrangers"],"_links":{"self":[{"href":"https:\/\/www.yvancliche.org\/index.php?rest_route=\/wp\/v2\/posts\/1490","targetHints":{"allow":["GET"]}}],"collection":[{"href":"https:\/\/www.yvancliche.org\/index.php?rest_route=\/wp\/v2\/posts"}],"about":[{"href":"https:\/\/www.yvancliche.org\/index.php?rest_route=\/wp\/v2\/types\/post"}],"author":[{"embeddable":true,"href":"https:\/\/www.yvancliche.org\/index.php?rest_route=\/wp\/v2\/users\/1"}],"replies":[{"embeddable":true,"href":"https:\/\/www.yvancliche.org\/index.php?rest_route=%2Fwp%2Fv2%2Fcomments&post=1490"}],"version-history":[{"count":1,"href":"https:\/\/www.yvancliche.org\/index.php?rest_route=\/wp\/v2\/posts\/1490\/revisions"}],"predecessor-version":[{"id":1491,"href":"https:\/\/www.yvancliche.org\/index.php?rest_route=\/wp\/v2\/posts\/1490\/revisions\/1491"}],"wp:attachment":[{"href":"https:\/\/www.yvancliche.org\/index.php?rest_route=%2Fwp%2Fv2%2Fmedia&parent=1490"}],"wp:term":[{"taxonomy":"category","embeddable":true,"href":"https:\/\/www.yvancliche.org\/index.php?rest_route=%2Fwp%2Fv2%2Fcategories&post=1490"},{"taxonomy":"post_tag","embeddable":true,"href":"https:\/\/www.yvancliche.org\/index.php?rest_route=%2Fwp%2Fv2%2Ftags&post=1490"}],"curies":[{"name":"wp","href":"https:\/\/api.w.org\/{rel}","templated":true}]}}