{"id":1549,"date":"1988-02-24T15:40:58","date_gmt":"1988-02-24T20:40:58","guid":{"rendered":"http:\/\/www.yvancliche.org\/?p=1549"},"modified":"2014-01-03T13:55:23","modified_gmt":"2014-01-03T18:55:23","slug":"etudiants-etrangers-touche-pas-a-mon-pote-feuille","status":"publish","type":"post","link":"https:\/\/www.yvancliche.org\/?p=1549","title":{"rendered":"Etudiants \u00e9trangers : touche pas \u00e0 mon pote-feuille"},"content":{"rendered":"<p>Le Continuum, 24 f\u00e9vrier 1986<\/p>\n<p>L\u2019an dernier, un article de Contunuum (semaine du 23 f\u00e9vrier 85) avait attir\u00e9 l\u2019attention des \u00e9tudiants sur la situation de leurs confr\u00e8res venant des pays \u00e9trangers.<\/p>\n<p>\u00c0 l\u2019occasion, M. Claude Bri\u00e8re, responsable de l\u2019accueil des \u00e9tudiants \u00e9trangers \u00e0 l\u2019UdeM stigmatisait la politique du gouvernement de l\u2019\u00e9poque dans ce dossier. Face aux hausses sensibles que devaient subir les \u00e9tudiants \u00e9trangers au chapitre des frais de scolarit\u00e9, M. Bri\u00e8re d\u00e9plorait notamment l\u2019attitude \u00ab \u00e0 courte vue du gouvernement, qui derri\u00e8re des slogans creux d\u2019ouverture, tente de faire de l\u2019argent avec les \u00e9tudiants \u00e9trangers \u00bb.<\/p>\n<p>Depuis 1978, le gouvernement a proc\u00e9d\u00e9 \u00e0 des augmentations constantes des frais de scolarit\u00e9 pour les \u00e9tudiants \u00e9trangers de sorte que selon M. Bri\u00e8re, le gouvernement fait maintenant de l\u2019argent avec l\u2019entr\u00e9e d\u2019\u00e9tudiants \u00e9trangers au Qu\u00e9bec, particuli\u00e8rement au niveau des \u00e9tudes sup\u00e9rieures. \u00c0 l\u2019heure actuelle, certains \u00e9tudiants \u00e9trangers payent jusqu\u2019\u00e0 19 fois plus chers leurs \u00e9tudes que leurs confr\u00e8res qu\u00e9b\u00e9cois et c\u2019est au Qu\u00e9bec que les \u00e9tudiants \u00e9trangers d\u00e9boursent g\u00e9n\u00e9ralement les frais de scolarit\u00e9 les plus \u00e9lev\u00e9s au Canada.<\/p>\n<p>Si on compare cette situation avec les d\u00e9clarations d\u2019intention du gouvernement ant\u00e9rieur sur l\u2019ouverture du Qu\u00e9bec, sur la n\u00e9cessit\u00e9 \u00ab que les institutions qu\u00e9b\u00e9coises puissent accueillir des \u00e9tudiants et des chercheurs \u00e9trangers qui enrichissent la vie scientifique et universitaire et qui constituent par la suite des interlocuteurs privil\u00e9gi\u00e9s pour le Qu\u00e9bec \u00bb, il y a de quoi se questionner sur les objectifs r\u00e9els du gouvernement \u00e0 ce sujet. Et ce d\u2019autant plus que les inscriptions de cette cat\u00e9gorie d\u2019\u00e9tudiants a subi une baisse progressive depuis quelques ann\u00e9es.<\/p>\n<p>Plusieurs \u00e9l\u00e9ments doivent \u00eatre rappel\u00e9s quant \u00e0 la pr\u00e9sence d\u2019\u00e9tudiants venant de pays divers au sein des universit\u00e9s qu\u00e9b\u00e9coises. D\u2019abord, en vertu des lois canadiennes, les \u00e9tudiants \u00e9trangers doivent prouver qu\u2019ils poss\u00e8dent des ressources financi\u00e8res suffisantes pour la poursuite de leurs \u00e9tudes en territoire canadien. L\u2019argent qu\u2019ils investissent pour l\u2019achat de divers produits (nourriture, v\u00eatements, livres) devient source de stimulation pour l\u2019\u00e9conomie qu\u00e9b\u00e9coise. <\/p>\n<p>D\u2019autre part, les \u00e9tudiants \u00e9trangers peuvent devenir, \u00e0 terme, des interm\u00e9diaires potentiels pour leur pays d\u2019accueil sur la sc\u00e8ne internationale (signature de contrats, de programmes d\u2019\u00e9changes, etc.). Ils constituent, comme le mentionne M. Bri\u00e8re, \u00ab une sorte de multinationale du savoir et de la communication interculturelle \u00bb sur laquelle peut compter le Qu\u00e9bec dans ses contacts avec la communaut\u00e9 internationale.<\/p>\n<p>Enfin, dernier avantage et non le moindre, ces \u00e9tudiants manifestent la pr\u00e9sence, chez nous, de cultures qui sont souvent inconnues et que l\u2019on a tout int\u00e9r\u00eat \u00e0 mieux percevoir et \u00e0 approfondir. \u00c0 travers eux, nous sommes \u00e0 m\u00eame de nous confronter \u00e0 d\u2019autres visions du monde, dont nous ne pouvons que tirer profit.<\/p>\n<p>Avec l\u2019arriv\u00e9e d\u2019un nouveau gouvernement \u00e0 Qu\u00e9bec, les choses vont-elles changer? Dans un communiqu\u00e9 de presse dat\u00e9 du 21 novembre 1984, le porte-parole de l\u2019Opposition d\u2019alors en mati\u00e8re d\u2019\u00e9ducation, M. Claude Ryan, \u00ab d\u00e9non\u00e7ait vivement \u00bb l\u2019augmentation des frais de scolarit\u00e9 imput\u00e9e aux \u00e9tudiants \u00e9trangers. M. Ryan invitait le gouvernement \u00ab \u00e0 renforcer le pouvoir d\u2019attraction du Qu\u00e9bec sur les \u00e9tudiants \u00e9trangers gr\u00e2ce \u00e0 l\u2019excellence de ses institutions d\u2019enseignement sup\u00e9rieur \u00bb.<\/p>\n<p>Selon les informations que nous avons pu obtenir de Qu\u00e9bec, il semble que la politique actuelle du gouvernement serait d\u2019\u00e9tudier ce probl\u00e8me \u00e0 la lumi\u00e8re d\u2019une r\u00e9\u00e9valuation globale de la politique des frais de scolarit\u00e9 pour tous les \u00e9tudiants qu\u00e9b\u00e9cois. Comme plusieurs intervenants sont concern\u00e9s par ce dossier, notamment les autres provinces canadiennes et le gouvernement f\u00e9d\u00e9ral, ce ne sera probablement pas avant 1987, nous dit-on, qu\u2019une nouvelle politique sera adopt\u00e9e et mise en \u0153uvre.<\/p>\n","protected":false},"excerpt":{"rendered":"<p>Le Continuum, 24 f\u00e9vrier 1986 L\u2019an dernier, un article de Contunuum (semaine du 23 f\u00e9vrier 85) avait attir\u00e9 l\u2019attention des \u00e9tudiants sur la situation de leurs confr\u00e8res venant des pays \u00e9trangers. \u00c0 l\u2019occasion, M. Claude Bri\u00e8re, responsable de l\u2019accueil des \u00e9tudiants \u00e9trangers \u00e0 l\u2019UdeM stigmatisait la politique du gouvernement de l\u2019\u00e9poque dans ce dossier. Face [&hellip;]<\/p>\n","protected":false},"author":1,"featured_media":0,"comment_status":"open","ping_status":"open","sticky":false,"template":"","format":"standard","meta":{"footnotes":""},"categories":[387],"tags":[485],"class_list":["post-1549","post","type-post","status-publish","format-standard","hentry","category-articles","tag-etudiants-etrangers"],"_links":{"self":[{"href":"https:\/\/www.yvancliche.org\/index.php?rest_route=\/wp\/v2\/posts\/1549","targetHints":{"allow":["GET"]}}],"collection":[{"href":"https:\/\/www.yvancliche.org\/index.php?rest_route=\/wp\/v2\/posts"}],"about":[{"href":"https:\/\/www.yvancliche.org\/index.php?rest_route=\/wp\/v2\/types\/post"}],"author":[{"embeddable":true,"href":"https:\/\/www.yvancliche.org\/index.php?rest_route=\/wp\/v2\/users\/1"}],"replies":[{"embeddable":true,"href":"https:\/\/www.yvancliche.org\/index.php?rest_route=%2Fwp%2Fv2%2Fcomments&post=1549"}],"version-history":[{"count":2,"href":"https:\/\/www.yvancliche.org\/index.php?rest_route=\/wp\/v2\/posts\/1549\/revisions"}],"predecessor-version":[{"id":1593,"href":"https:\/\/www.yvancliche.org\/index.php?rest_route=\/wp\/v2\/posts\/1549\/revisions\/1593"}],"wp:attachment":[{"href":"https:\/\/www.yvancliche.org\/index.php?rest_route=%2Fwp%2Fv2%2Fmedia&parent=1549"}],"wp:term":[{"taxonomy":"category","embeddable":true,"href":"https:\/\/www.yvancliche.org\/index.php?rest_route=%2Fwp%2Fv2%2Fcategories&post=1549"},{"taxonomy":"post_tag","embeddable":true,"href":"https:\/\/www.yvancliche.org\/index.php?rest_route=%2Fwp%2Fv2%2Ftags&post=1549"}],"curies":[{"name":"wp","href":"https:\/\/api.w.org\/{rel}","templated":true}]}}