{"id":1782,"date":"1988-12-11T16:38:53","date_gmt":"1988-12-11T21:38:53","guid":{"rendered":"http:\/\/www.yvancliche.org\/?p=1782"},"modified":"2021-03-05T14:38:27","modified_gmt":"2021-03-05T19:38:27","slug":"vers-la-qualite-totale","status":"publish","type":"post","link":"https:\/\/www.yvancliche.org\/?p=1782","title":{"rendered":"Vers la qualit\u00e9 totale"},"content":{"rendered":"<p>Magazine Courants, novembre-d\u00e9cembre 1988<\/p>\n<p>\u00ab La qualit\u00e9, c&rsquo;est 15 milliards. Une Baie James gratis ! \u00bb Le ministre de l&rsquo;Industrie, du Commerce et de la Technologie (MICT) du Qu\u00e9bec, Pierre MacDonald, rend tres bien le message v\u00e9hicul\u00e9 tors du colloque \u00ab La qualit\u00e9 totale, c&rsquo;est payant\u00a0\u00bb\u00a0, tenu le 21 octobre au centre Sheraton de Montr\u00e9al.<\/p>\n<p>La qualit\u00e9 totale, ou la qualit\u00e9 ensemble, pour emprunter le terme de Roger N\u00e9ron, president du Groupe de concertation sur la qualite mis sur pied par le MICT, est en voie de s&rsquo;imposer comme la philosophie de gestion dominante des ann\u00e9es 1990. Elle porte sur le degr\u00e9 de technologie, la capacit\u00e9 de livrer\u00a0\u00e0 temps, le service et la fiabilit\u00e9 du produit. Le prix ? Crit\u00e8re important, certes, mais tout relatif pour des consommateurs exigeants. Entreprises du secteur manufacturier ou des services, firmes de taille petite, moyenne ou grosse, priv\u00e9es ou publiques, toutes disent ne plus avoir le choix. Pourquoi ?<\/p>\n<p>D&rsquo;abord, l&rsquo;offre de produits et de services d\u00e9ppasse la demande. Dans ce contexte, il faut offrir plus au consommateur pour le satisfaire et l&rsquo;inciter\u00a0\u00e0 acheter les produits. Parall\u00e8lement, les consommateurs sont devenus plus exigeants, ce qui s&rsquo;explique, notamment, par un taux de scolarite plus \u00e9lev\u00e9 et des go\u00fbts plus sophistiqu\u00e9s. Ils recherchent des produits fiables et adapt\u00e9s\u00a0\u00e0 leurs besoins.<\/p>\n<p>Ensuite, l&rsquo;internationalisation des \u00e9changes commerciaux, mais surtout la perc\u00e9e marquante des Japonais sur le march\u00e9 nord-am\u00e9ricain. Les pertes attribuables\u00a0\u00e0 la non-qualit\u00e9 representent de 5\u00a0\u00e0 7 % du chiffre d&rsquo;affaires au Japon, contre 15\u00a0\u00e0 30 % au Canada. Les Japonais p\u00e9n\u00e8trent les march\u00e9s avec des produits de meilleure qualit\u00e9 et fabriqu\u00e9s\u00a0\u00e0 moindre co\u00fbt. Impossible de les concurrencer avec les anciennes methodes de production et de gestion. II faut faire comme eux, et m\u00eame mieux. Comment r\u00e9agir\u00a0\u00e0 de telles conditions de march\u00e9 ?<\/p>\n<p>Tout d&rsquo;abord,\u00a0il ne faut pas confondre la qualit\u00e9 totale, connue aussi sous le nom de Gestion int\u00e9grale de la qualit\u00e9, et le traditionnel contr\u00f4le de la qualit\u00e9. L&rsquo;un est presque le contraire de l&rsquo;autre ! Le contr\u00f4le de la qualit\u00e9 est la v\u00e9rification des produits apr\u00e8s l&rsquo;\u00e9tape de production. La qualite totale constitue une approche globale, qui va de la conception d&rsquo;un produit jusqu&rsquo;au service\u00a0\u00e0 la client\u00e8le. On parte ici de planification. La qualit\u00e9 totale n&rsquo;est donc pas une technique, mais une mentalit\u00e9 qui vise\u00a0\u00e0 mobiliser toute l&rsquo;entreprise.<\/p>\n<p>Cette mentalit\u00e9 ne peut \u00eatre instaur\u00e9e sans l&rsquo;engagement de tous,\u00a0\u00e0 tous les niveaux.\u00a0\u00ab La qualit\u00e9, c&rsquo;est un projet d&rsquo;entreprise \u00bb, soutient Simon-Pierre Par\u00e9, de Rousseau M\u00e9tal, de Saint-Jean-Port-Joli. Et qui dit mobilisation des employ\u00e9s, dit qualit\u00e9 de vie au travail : la qualit\u00e9 s&rsquo;inscrit dans une d\u00e9marche de valorisation du travail du personnel.\u00a0\u00ab Le client interne (l&#8217;employ\u00e9) est tout aussi important que le client externe \u00bb, dit Claude Cossette, professeur de communication\u00a0\u00e0 l&rsquo;universit\u00e9 Laval. \u00ab Aux cinq z\u00e9ros de la qualit\u00e9 (z\u00e9ro papier, z\u00e9ro inventaire, z\u00e9ro d\u00e9faut, z\u00e9ro d\u00e9lai, z\u00e9ro panne), il faut ajouter le z\u00e9ro frustration chez les travailleurs. \u00bb<\/p>\n<p>En outre, toute d\u00e9marche vers la qualit\u00e9 ne peut avoir de bons resultats sans l&rsquo;appui inconditionnel de la haute direction. Les patrons sont responsables dans une tr\u00e8s forte proportion de la non-qualit\u00e9 dans une entreprise. Ce sont les premiers\u00a0\u00e0 convaincre et\u00a0\u00e0 devoir s&rsquo;engager. Tous les participants invit\u00e9s\u00a0\u00e0 d\u00e9crire leur exp\u00e9rience ont insist\u00e9 sur cet aspect.<\/p>\n<p>Ensuite la mise en place d&rsquo;une mentalit\u00e9 de qualit\u00e9 doit se faire par \u00e9tapes, sans bousculade.\u00a0\u00ab Il ne s&rsquo;agit pas d&rsquo;instaurer la qualit\u00e9 pour la qualit\u00e9, mais de contribuer\u00a0\u00e0 d\u00e9velopper les employ\u00e9s et les affaires \u00bb, pense Julien Metivier, pr\u00e9sident d&rsquo;IPL. La qualit\u00e9 n\u00e9cessite donc une formation continue et une communication soutenue. Et pas de demi-mesure : il faut y aller\u00a0\u00e0 fond, mais avec des objectifs clairs et r\u00e9alistes.<\/p>\n<p>Enfin, la mise sur pied d&rsquo;un syst\u00e8me de gestion int\u00e9grale de la qualit\u00e9 n&rsquo;a pas pour but l&rsquo;obtention de r\u00e9sultats\u00a0\u00e0 court terme.\u00a0\u00ab Chez Venmar Ventilation, de Drummondville, explique son directeur g\u00e9n\u00e9ral, Pierre Marcouiller, nous avons pris conscience que nous avions une getion\u00a0\u00e0 court terme et qu&rsquo;il fallait inculqu\u00e9\u00a0\u00e0 l&rsquo;entreprise la notion de long terme. Seule une orientation vers la qualit\u00e9 totale pouvait modifier cette tendance. La qualit\u00e9 totale nous a permis souvent prendre des decisions\u00a0\u00e0 moyen terme alors que normalement un calcul strict des co\u00fbts nous aurait emp\u00eacher de le faire dans des domaines strategiques l&rsquo;entreprise. \u00bb<\/p>\n<p>Comme le prouve la presence des 270 participants au colloque, l&rsquo;id\u00e9e de la qualit\u00e9 totale fait son chemin&#8230;<\/p>\n","protected":false},"excerpt":{"rendered":"<p>Magazine Courants, novembre-d\u00e9cembre 1988 \u00ab La qualit\u00e9, c&rsquo;est 15 milliards. Une Baie James gratis ! \u00bb Le ministre de l&rsquo;Industrie, du Commerce et de la Technologie (MICT) du Qu\u00e9bec, Pierre MacDonald, rend tres bien le message v\u00e9hicul\u00e9 tors du colloque \u00ab La qualit\u00e9 totale, c&rsquo;est payant\u00a0\u00bb\u00a0, tenu le 21 octobre au centre Sheraton de Montr\u00e9al. [&hellip;]<\/p>\n","protected":false},"author":1,"featured_media":0,"comment_status":"open","ping_status":"open","sticky":false,"template":"","format":"standard","meta":{"footnotes":""},"categories":[387],"tags":[430],"class_list":["post-1782","post","type-post","status-publish","format-standard","hentry","category-articles","tag-qualite-totale"],"_links":{"self":[{"href":"https:\/\/www.yvancliche.org\/index.php?rest_route=\/wp\/v2\/posts\/1782","targetHints":{"allow":["GET"]}}],"collection":[{"href":"https:\/\/www.yvancliche.org\/index.php?rest_route=\/wp\/v2\/posts"}],"about":[{"href":"https:\/\/www.yvancliche.org\/index.php?rest_route=\/wp\/v2\/types\/post"}],"author":[{"embeddable":true,"href":"https:\/\/www.yvancliche.org\/index.php?rest_route=\/wp\/v2\/users\/1"}],"replies":[{"embeddable":true,"href":"https:\/\/www.yvancliche.org\/index.php?rest_route=%2Fwp%2Fv2%2Fcomments&post=1782"}],"version-history":[{"count":3,"href":"https:\/\/www.yvancliche.org\/index.php?rest_route=\/wp\/v2\/posts\/1782\/revisions"}],"predecessor-version":[{"id":2800,"href":"https:\/\/www.yvancliche.org\/index.php?rest_route=\/wp\/v2\/posts\/1782\/revisions\/2800"}],"wp:attachment":[{"href":"https:\/\/www.yvancliche.org\/index.php?rest_route=%2Fwp%2Fv2%2Fmedia&parent=1782"}],"wp:term":[{"taxonomy":"category","embeddable":true,"href":"https:\/\/www.yvancliche.org\/index.php?rest_route=%2Fwp%2Fv2%2Fcategories&post=1782"},{"taxonomy":"post_tag","embeddable":true,"href":"https:\/\/www.yvancliche.org\/index.php?rest_route=%2Fwp%2Fv2%2Ftags&post=1782"}],"curies":[{"name":"wp","href":"https:\/\/api.w.org\/{rel}","templated":true}]}}