{"id":1837,"date":"1989-09-11T21:14:05","date_gmt":"1989-09-12T01:14:05","guid":{"rendered":"http:\/\/www.yvancliche.org\/?p=1837"},"modified":"2021-03-06T10:29:49","modified_gmt":"2021-03-06T15:29:49","slug":"une-vie-sans-week-end","status":"publish","type":"post","link":"https:\/\/www.yvancliche.org\/?p=1837","title":{"rendered":"Une vie sans week-end"},"content":{"rendered":"<p>Magazine Courants, juillet-ao\u00fbt-septembre 1989<\/p>\n<p>Prenant note de l&rsquo;augmentation fr\u00e9n\u00e9tique du nombre d&rsquo;heures de travail hebdomadaire de nombreux professionnels aux \u00c9tats-Unis, le magazine Report on Business vient d&rsquo;enqu\u00eater sur la situation au Canada. La conclusion ? La vague a atteint de nombreux professionnels d&rsquo;ici : nombreux sont les consultants, sp\u00e9cialistes et dirigeants d&rsquo;entreprise qui enfreignent la r\u00e8gle sacr\u00e9e du week-end en famille et qui travaillent dor\u00e9navant 7 jours par semaine, de 10 a 12 h par jour.<\/p>\n<p>Pourquoi cette recrudescence du travail comme principal mode de vie ? Le magazine l&rsquo;attribue en partie aux nombreuses fusions et acquisitions d&rsquo;entreprises, dont le processus de r\u00e9alisation requiert un rythme constant et ininterrompu. Firmes de comptables, d&rsquo;avocats et de consultants de toute sorte sont particuli\u00e8rement contraintes \u00e0 ce r\u00e9gime de vie o\u00f9 chaque minute compte.<\/p>\n<p>\u00c0 tel point que ces firmes ont souvent deux \u00e9quipes de secr\u00e9taires, celle de jour, celle de soir. La d\u00e9r\u00e9glementation et la comp\u00e9tition plus vive entre les entreprises, surtout dans le secteur financier, expliquent \u00e9galement cette vogue du travail. La facilit\u00e9 de communiquer rapidement, gr\u00e2ce au t\u00e9l\u00e9copieur et au t\u00e9l\u00e9phone cellulaire, permet \u00e0 de nombreux gestionnaires d&rsquo;utiliser tout leur temps disponible pour r\u00e9gler davantage de dossiers et tenter de surpasser les comp\u00e9titeurs. De tous les cadres interview\u00e9s par Report on Business, personne ne se plaint de son style de vie. Au contraire. Tous reconnaissent que ces nombreuses heures de travail les rendent plus performants et plus \u00e9veill\u00e9s intellectuellement.<\/p>\n","protected":false},"excerpt":{"rendered":"<p>Magazine Courants, juillet-ao\u00fbt-septembre 1989 Prenant note de l&rsquo;augmentation fr\u00e9n\u00e9tique du nombre d&rsquo;heures de travail hebdomadaire de nombreux professionnels aux \u00c9tats-Unis, le magazine Report on Business vient d&rsquo;enqu\u00eater sur la situation au Canada. La conclusion ? La vague a atteint de nombreux professionnels d&rsquo;ici : nombreux sont les consultants, sp\u00e9cialistes et dirigeants d&rsquo;entreprise qui enfreignent la [&hellip;]<\/p>\n","protected":false},"author":1,"featured_media":0,"comment_status":"open","ping_status":"open","sticky":false,"template":"","format":"standard","meta":{"footnotes":""},"categories":[387],"tags":[502],"class_list":["post-1837","post","type-post","status-publish","format-standard","hentry","category-articles","tag-vie-de-bureau"],"_links":{"self":[{"href":"https:\/\/www.yvancliche.org\/index.php?rest_route=\/wp\/v2\/posts\/1837","targetHints":{"allow":["GET"]}}],"collection":[{"href":"https:\/\/www.yvancliche.org\/index.php?rest_route=\/wp\/v2\/posts"}],"about":[{"href":"https:\/\/www.yvancliche.org\/index.php?rest_route=\/wp\/v2\/types\/post"}],"author":[{"embeddable":true,"href":"https:\/\/www.yvancliche.org\/index.php?rest_route=\/wp\/v2\/users\/1"}],"replies":[{"embeddable":true,"href":"https:\/\/www.yvancliche.org\/index.php?rest_route=%2Fwp%2Fv2%2Fcomments&post=1837"}],"version-history":[{"count":5,"href":"https:\/\/www.yvancliche.org\/index.php?rest_route=\/wp\/v2\/posts\/1837\/revisions"}],"predecessor-version":[{"id":2848,"href":"https:\/\/www.yvancliche.org\/index.php?rest_route=\/wp\/v2\/posts\/1837\/revisions\/2848"}],"wp:attachment":[{"href":"https:\/\/www.yvancliche.org\/index.php?rest_route=%2Fwp%2Fv2%2Fmedia&parent=1837"}],"wp:term":[{"taxonomy":"category","embeddable":true,"href":"https:\/\/www.yvancliche.org\/index.php?rest_route=%2Fwp%2Fv2%2Fcategories&post=1837"},{"taxonomy":"post_tag","embeddable":true,"href":"https:\/\/www.yvancliche.org\/index.php?rest_route=%2Fwp%2Fv2%2Ftags&post=1837"}],"curies":[{"name":"wp","href":"https:\/\/api.w.org\/{rel}","templated":true}]}}