{"id":1898,"date":"1989-12-17T14:11:48","date_gmt":"1989-12-17T19:11:48","guid":{"rendered":"http:\/\/www.yvancliche.org\/?p=1898"},"modified":"2021-03-06T10:07:15","modified_gmt":"2021-03-06T15:07:15","slug":"la-communication-au-dela-des-faits","status":"publish","type":"post","link":"https:\/\/www.yvancliche.org\/?p=1898","title":{"rendered":"La communication au-del\u00e0 des faits"},"content":{"rendered":"<p>Magazine Courants, octobre-novembre-d\u00e9cembre 1989<\/p>\n<p>Pour Bernard Dagenais, professeur au d\u00e9partement d&rsquo;information et de communication \u00e0 l&rsquo;universit\u00e9 Laval, la communication interne, c&rsquo;est bien sur un ensemble de techniques. C&rsquo;est aussi un mode d&rsquo;organisation du travail. Mais c&rsquo;est d&rsquo;abord une philosophie de gestion, a-t-il expliqu\u00e9\u00a0\u00e0 l&rsquo;occasion du 26e congr\u00e8s annuel des Utilities Communicators International, tenu cet automne\u00a0\u00e0 Montr\u00e9al.<\/p>\n<p>Les employ\u00e9s sont 63 % moins loyaux \u00e0 regard de leur employeur\u00a0y a dix ans, a-t-il constat\u00e9. \u00c9videmment, le roulement de personnel co\u00fbte cher \u00e0 une organisation. Quand quelqu&rsquo;un quitte, il apporte avec lui des connaissances qui profitent parfois aux comp\u00e9titeurs. En outre, l&rsquo;entreprise doit investir dans le recrutement et la formation des nouveaux embauch\u00e9s. Sans compter leur int\u00e9gration culturelle. Moins stables, les employ\u00e9s sont \u00e9galement moins motiv\u00e9s. Un probl\u00e8me d&rsquo;autant plus grave que l&rsquo;automatisation et l&rsquo;informatisation des t\u00e2ches ont atteint un point tel qu&rsquo;elles ne peuvent augmenter davantage le taux de productivit\u00e9, croit Bernard Dagenais.<\/p>\n<p>Autre obstacle\u00a0\u00e0 la mobilisation du personnel : le vieillissement de la main-d&rsquo;\u0153uvre. \u00ab Avec le temps, les gens deviennent cyniques, quand ce n&rsquo;est pas d\u00e9sillusionn\u00e9s et d\u00e9sabus\u00e9s. \u00bb<\/p>\n<p>Obtenir un meilleur rendement dans un tel contexte n&rsquo;est gu\u00e8re ais\u00e9. Or, une campagne de communication interne bien men\u00e9e peut contribuer\u00a0\u00e0 ramener\u00a0l&rsquo;enthousiasme l\u00e0 o\u00f9 la morosit\u00e9 s&rsquo;est install\u00e9e. Par exemple, si l&rsquo;information circule bien, elle favorisera la cr\u00e9ation de liens de solidarit\u00e9 entre les individus et les unit\u00e9s administratives. Bien orchestr\u00e9e, la communication interne peut \u00e9galement faire sentir\u00a0\u00e0 chacun qu&rsquo;il compte pour l&rsquo;organisation. C&rsquo;est ainsi que l&rsquo;esprit d&rsquo;\u00e9quipe prend peu\u00a0\u00e0 peu le dessus sur l&rsquo;individualisme.<\/p>\n<p>Bref, estime Bernard Dagenais, \u00ab la communication est un volet de la gestion et non seulement un moyen de diffuser des faits \u00bb. \u00c0 ce titre, elle devrait selon lui \u00eatre int\u00e9gr\u00e9e aux processus d\u00e9cisionnels et non pas \u00eatre utilis\u00e9e apr\u00e8s coup.<\/p>\n","protected":false},"excerpt":{"rendered":"<p>Magazine Courants, octobre-novembre-d\u00e9cembre 1989 Pour Bernard Dagenais, professeur au d\u00e9partement d&rsquo;information et de communication \u00e0 l&rsquo;universit\u00e9 Laval, la communication interne, c&rsquo;est bien sur un ensemble de techniques. C&rsquo;est aussi un mode d&rsquo;organisation du travail. Mais c&rsquo;est d&rsquo;abord une philosophie de gestion, a-t-il expliqu\u00e9\u00a0\u00e0 l&rsquo;occasion du 26e congr\u00e8s annuel des Utilities Communicators International, tenu cet automne\u00a0\u00e0 [&hellip;]<\/p>\n","protected":false},"author":1,"featured_media":0,"comment_status":"open","ping_status":"open","sticky":false,"template":"","format":"standard","meta":{"footnotes":""},"categories":[387],"tags":[535,386],"class_list":["post-1898","post","type-post","status-publish","format-standard","hentry","category-articles","tag-bernard-dagenais","tag-communication"],"_links":{"self":[{"href":"https:\/\/www.yvancliche.org\/index.php?rest_route=\/wp\/v2\/posts\/1898","targetHints":{"allow":["GET"]}}],"collection":[{"href":"https:\/\/www.yvancliche.org\/index.php?rest_route=\/wp\/v2\/posts"}],"about":[{"href":"https:\/\/www.yvancliche.org\/index.php?rest_route=\/wp\/v2\/types\/post"}],"author":[{"embeddable":true,"href":"https:\/\/www.yvancliche.org\/index.php?rest_route=\/wp\/v2\/users\/1"}],"replies":[{"embeddable":true,"href":"https:\/\/www.yvancliche.org\/index.php?rest_route=%2Fwp%2Fv2%2Fcomments&post=1898"}],"version-history":[{"count":3,"href":"https:\/\/www.yvancliche.org\/index.php?rest_route=\/wp\/v2\/posts\/1898\/revisions"}],"predecessor-version":[{"id":2840,"href":"https:\/\/www.yvancliche.org\/index.php?rest_route=\/wp\/v2\/posts\/1898\/revisions\/2840"}],"wp:attachment":[{"href":"https:\/\/www.yvancliche.org\/index.php?rest_route=%2Fwp%2Fv2%2Fmedia&parent=1898"}],"wp:term":[{"taxonomy":"category","embeddable":true,"href":"https:\/\/www.yvancliche.org\/index.php?rest_route=%2Fwp%2Fv2%2Fcategories&post=1898"},{"taxonomy":"post_tag","embeddable":true,"href":"https:\/\/www.yvancliche.org\/index.php?rest_route=%2Fwp%2Fv2%2Ftags&post=1898"}],"curies":[{"name":"wp","href":"https:\/\/api.w.org\/{rel}","templated":true}]}}