{"id":1931,"date":"2006-02-20T11:39:58","date_gmt":"2006-02-20T16:39:58","guid":{"rendered":"http:\/\/www.yvancliche.org\/?p=1931"},"modified":"2014-01-20T11:49:00","modified_gmt":"2014-01-20T16:49:00","slug":"le-40e-anniversaire-du-735-kv","status":"publish","type":"post","link":"https:\/\/www.yvancliche.org\/?p=1931","title":{"rendered":"Le 40e anniversaire du 735 kV"},"content":{"rendered":"<p>Revue CHOC, f\u00e9vrier 2006<\/p>\n<p>La mise en service de lignes \u00e0 735 kV en 1965 constituait une premi\u00e8re mondiale. Retour sur cet \u00e9v\u00e9nement historique avec Yves Filion, pr\u00e9sident d&rsquo;Hydro-Qu\u00e9bec Trans\u00c9nergie.<\/p>\n<p>-Dans quel contexte les lignes \u00e0\u00a0735 kV ont-elles \u00e9t\u00e9 con\u00e7ues ?<br \/>\nCette grande r\u00e9alisation a vu le jour \u00e0 peu pr\u00e8s au moment de la nationalisation de l&rsquo;\u00e9lectricit\u00e9, au tournant des ann\u00e9es 1960. \u00c0 l&rsquo;\u00e9poque, Hydro-Qu\u00e9bec devait acheminer l&rsquo;\u00e9lectricit\u00e9 sur de longues distances, notamment \u00e0 partir du complexe Manic-Outardes. Or, la tension la plus \u00e9lev\u00e9e sur notre r\u00e9seau \u00e9tait le 315 kV. \u00c0 ce niveau de tension, il aurait fallu quelque 20 circuits pour transporter toute l&rsquo;\u00e9lectricit\u00e9 vers les principaux centres de consommation. Hydro-Qu\u00e9bec avait le choix entre utiliser le 500 kV ou aller \u00e0 un \u00e9chelon sup\u00e9rieur, soit le 735 kV. Le champion de ce tr\u00e8s haut niveau de tension \u00e9tait l&rsquo;ing\u00e9nieur Jean-Jacques Archambault.<\/p>\n<p>Si on se situe dans le contexte de cette \u00e9poque, la d\u00e9cision de se tourner vers une tension sup\u00e9rieure n\u00e9cessitait beaucoup de courage, de confiance et, surtout, d&rsquo;audace. Les ing\u00e9nieurs qui ont travaill\u00e9 \u00e0 ce projet ont r\u00e9ussi \u00e0 convaincre la direction que c&rsquo;\u00e9tait la meilleure solution, sur les plans technique et \u00e9conomique. Une des principales raisons avanc\u00e9es est qu&rsquo;on savait tr\u00e8s bien que de nouveaux complexes hydro\u00e9lectriques viendraient s&rsquo;ajouter au r\u00e9seau pour r\u00e9pondre \u00e0 la demande croissante d&rsquo;\u00e9lectricit\u00e9. Il fallait planifier non seulement pour le proche avenir mais pour le long terme.<\/p>\n<p>-Quels \u00e9talent plus pr\u00e9cis\u00e9ment les d\u00e9fis techniques ?<br \/>\nJe r\u00e9sumerais en pr\u00e9cisant trois types de d\u00e9fis : le premier reli\u00e9 aux lignes de transport, soit la conception d&rsquo;un nouveau type de structures et des accessoires correspondants ; le deuxi\u00e8me touchant les \u00e9quipements dans les postes, soit les transformateurs, disjoncteurs et sectionneurs, qui n&rsquo;avaient jamais \u00e9t\u00e9 fabriqu\u00e9s auparavant \u00e0 ce niveau de tension ; et le troisi\u00e8me, relatif \u00e0 la stabilit\u00e9 de l&rsquo;ensemble, consistant \u00e0 d\u00e9terminer la commande et la protection appropri\u00e9es.<\/p>\n<p>Le processus de conception du 735 kV suscite alors une mobilisation g\u00e9n\u00e9rale des ing\u00e9nieurs, des techniciens et des fournisseurs. Il faut effectuer les analyses techniques, r\u00e9diger les cahiers des charges, r\u00e9aliser les \u00e9tudes de conception. On embauche, on travaille fort, l&rsquo;atmosph\u00e8re\u00a0 est f\u00e9brile. Il y a beaucoup de r\u00e9unions, y compris avec des manufacturiers, pour analyser tous les rapports d&rsquo;\u00e9tudes et faire le point sur les essais. De 1962 \u00e0 1965, la construction du premier tron\u00e7on de la premi\u00e8re ligne \u00e0 735 kV, entre Manic et L\u00e9vis, bat son plein. La mise en service a lieu en septembre 1965. Le tron\u00e7on L\u00e9vis-Boucherville entre en fonction un peu plus tard, soit le 29 novembre 1965. Ce sont des moments d&rsquo;euphorie et de grande fiert\u00e9 pour Hydro-Qu\u00e9bec.<\/p>\n<p>On int\u00e8gre ensuite le complexe ManieOutardes au r\u00e9seau, puis celui des Churchill Falls. Le projet de la Baie-James, lanc\u00e9 au d\u00e9but des ann\u00e9es 1970, donne une nouvelle impulsion technologique au 735 kV. Nos \u00e9quipes n&rsquo;ont de cesse d&rsquo;am\u00e9liorer le r\u00e9seau \u00e0 735 kV depuis son origine et sont les instigateurs de nombreuses premi\u00e8res mondiales. Notre r\u00e9seau \u00e0 735 kV constitue aujourd&rsquo;hui le plus grand du monde de sa cat\u00e9gorie et l&rsquo;un des plus automatis\u00e9s. De ce fait, le transport d&rsquo;\u00e9lectricit\u00e9 \u00e0 haute tension est devenu rapidement un symbole du savoir-faire hydro-qu\u00e9b\u00e9cois et la marque de son caract\u00e8re unique et novateur.<\/p>\n","protected":false},"excerpt":{"rendered":"<p>Revue CHOC, f\u00e9vrier 2006 La mise en service de lignes \u00e0 735 kV en 1965 constituait une premi\u00e8re mondiale. Retour sur cet \u00e9v\u00e9nement historique avec Yves Filion, pr\u00e9sident d&rsquo;Hydro-Qu\u00e9bec Trans\u00c9nergie. -Dans quel contexte les lignes \u00e0\u00a0735 kV ont-elles \u00e9t\u00e9 con\u00e7ues ? Cette grande r\u00e9alisation a vu le jour \u00e0 peu pr\u00e8s au moment de la [&hellip;]<\/p>\n","protected":false},"author":1,"featured_media":0,"comment_status":"open","ping_status":"open","sticky":false,"template":"","format":"standard","meta":{"footnotes":""},"categories":[387],"tags":[479,547],"class_list":["post-1931","post","type-post","status-publish","format-standard","hentry","category-articles","tag-electricite","tag-transport-delectricite"],"_links":{"self":[{"href":"https:\/\/www.yvancliche.org\/index.php?rest_route=\/wp\/v2\/posts\/1931","targetHints":{"allow":["GET"]}}],"collection":[{"href":"https:\/\/www.yvancliche.org\/index.php?rest_route=\/wp\/v2\/posts"}],"about":[{"href":"https:\/\/www.yvancliche.org\/index.php?rest_route=\/wp\/v2\/types\/post"}],"author":[{"embeddable":true,"href":"https:\/\/www.yvancliche.org\/index.php?rest_route=\/wp\/v2\/users\/1"}],"replies":[{"embeddable":true,"href":"https:\/\/www.yvancliche.org\/index.php?rest_route=%2Fwp%2Fv2%2Fcomments&post=1931"}],"version-history":[{"count":3,"href":"https:\/\/www.yvancliche.org\/index.php?rest_route=\/wp\/v2\/posts\/1931\/revisions"}],"predecessor-version":[{"id":1933,"href":"https:\/\/www.yvancliche.org\/index.php?rest_route=\/wp\/v2\/posts\/1931\/revisions\/1933"}],"wp:attachment":[{"href":"https:\/\/www.yvancliche.org\/index.php?rest_route=%2Fwp%2Fv2%2Fmedia&parent=1931"}],"wp:term":[{"taxonomy":"category","embeddable":true,"href":"https:\/\/www.yvancliche.org\/index.php?rest_route=%2Fwp%2Fv2%2Fcategories&post=1931"},{"taxonomy":"post_tag","embeddable":true,"href":"https:\/\/www.yvancliche.org\/index.php?rest_route=%2Fwp%2Fv2%2Ftags&post=1931"}],"curies":[{"name":"wp","href":"https:\/\/api.w.org\/{rel}","templated":true}]}}