{"id":2149,"date":"1992-02-15T15:19:15","date_gmt":"1992-02-15T20:19:15","guid":{"rendered":"http:\/\/www.yvancliche.org\/?p=2149"},"modified":"2021-03-05T20:01:09","modified_gmt":"2021-03-06T01:01:09","slug":"lintuition-une-alliee","status":"publish","type":"post","link":"https:\/\/www.yvancliche.org\/?p=2149","title":{"rendered":"L&rsquo;intuition, une alli\u00e9e"},"content":{"rendered":"<p>Magazine Courants, janvier-f\u00e9vrier 1992<\/p>\n<p><span style=\"color: #000000;\">Vous voulez d\u00e9velopper votre intuition ? Eh bien, croyez-y ! Ce que nous croyons pouvoir faire est un des plus importants facteurs d\u00e9terminant ce que l&rsquo;on peut faire. Ensuite, soyez attentif \u00e0 votre intuition. Peut-\u00eatre l&rsquo;utilisez vous d\u00e9j\u00e0 sans le savoir ? Mettez-la en pratique. Un bon moyen pour cela : avoir \u00e0 port\u00e9e de la main un journal o\u00f9 vous notez vos id\u00e9es, comment elles vous viennent, de quelle fa\u00e7on.<\/span><\/p>\n<p>D&rsquo;autres techniques : explorez des id\u00e9es sans objectif d\u00e9fini, pour le simple plaisir de la chose. Abstenez-vous de tout jugement sur ces id\u00e9es et apprenez \u00e0 tol\u00e9rer l&rsquo;ambigu\u00eft\u00e9, l&rsquo;inconnu, le non-fini. Un conseil, en terminant : tous les experts s&rsquo;entendent pour dire que l&rsquo;intuition est plus vive, mieux ressentie dans les moments de d\u00e9tente et de relaxation. Elle s&rsquo;av\u00e8re \u00e9galement un \u00e9l\u00e9ment essentiel de l&rsquo;\u00e9quilibre psychologique. Et, contrairement \u00e0 ce que l&rsquo;on croit g\u00e9n\u00e9ralement, elle n&rsquo;est pas oppos\u00e9e \u00e0 la pens\u00e9e rationnelle, mais constitue plut\u00f4t une alli\u00e9e. La cr\u00e9ation, l&rsquo;art signifie une symbiose harmonieuse et constructive de l&rsquo;intuition et de la raison.<\/p>\n<p><strong><span style=\"color: #000000;\">Utiliser tout son temps<br \/>\n<\/span><\/strong><span style=\"color: #000000;\">Le temps, on n&rsquo;en a jamais assez ! Si vous \u00eates de ceux qui pensent cela, peut-\u00eatre g\u00e9rez-vous mal le v\u00f4tre. Si c&rsquo;est le cas, voici quelques conseils tir\u00e9s du livre d&rsquo;Alain Martin, La ma\u00eetrise du temps: l&rsquo;art et la science. Sachez o\u00f9 va votre temps. Pour ce faire, choisissez au hasard 7 jours o\u00f9 vous noterez votre emploi du temps : t\u00e2ches, interruptions, etc. Puis, identifiez ce qui est r\u00e9current. Passez-vous trop de temps en r\u00e9unions ? \u00cates-vous trop fr\u00e9quemment sollicit\u00e9 par vos coll\u00e8gues ? Des correctifs peuvent alors \u00eatre trouv\u00e9s. Organisez aussi votre espace de travail. Bureau, classeurs et ordinateur doivent \u00eatre \u00e0 la port\u00e9e de la main et ne jamais \u00eatre surcharg\u00e9s.<\/span><\/p>\n<p>Un truc : \u00e9vitez les pi\u00e8ges du courrier, en rangeant imm\u00e9diatement la correspondance et ne manipulez un document qu&rsquo;une fois. Organisez vos activit\u00e9s importantes au moment de la journ\u00e9e o\u00f9 vos \u00eates le plus en forme. On voit parfois certaines personnes planifier une t\u00e2che vers la fin de la journ\u00e9e, l\u00e0 o\u00f9 elles sont moins d\u00e9rang\u00e9es, mais c&rsquo;est aussi le moment o\u00f9 elles se sentent le plus fatigu\u00e9es.<\/p>\n<p>\u00c0 plus long terme, r\u00e9visez annuellement vos objectifs. Cela veut dire valider ses priorit\u00e9s, ses valeurs, sa vocation. Beaucoup de gens manquent de temps, car ils ne savent pas o\u00f9 ils s&rsquo;en vont. Un truc : affichez vos objectifs professionnels, car ils vous encourageront \u00e0 l&rsquo;action et rappelez-vous que les t\u00e2ches qui vous occupent doivent avoir un rapport direct avec vos objectifs. Enfin, sans \u00eatre perfectionniste, utilisez tout votre temps. Pourquoi, par exemple, ne pas utiliser le temps libre dans l&rsquo;autobus ou \u00e0 l&rsquo;a\u00e9roport pour faire la lecture de rapports et d&rsquo;articles. Mais gardez en t\u00eate la flexibilit\u00e9. Vos plans doivent s&rsquo;adapter \u00e0 tous les impr\u00e9vus.<\/p>\n<p><span style=\"color: #000000;\">\u00a0<\/span><\/p>\n","protected":false},"excerpt":{"rendered":"<p>Magazine Courants, janvier-f\u00e9vrier 1992 Vous voulez d\u00e9velopper votre intuition ? Eh bien, croyez-y ! Ce que nous croyons pouvoir faire est un des plus importants facteurs d\u00e9terminant ce que l&rsquo;on peut faire. Ensuite, soyez attentif \u00e0 votre intuition. Peut-\u00eatre l&rsquo;utilisez vous d\u00e9j\u00e0 sans le savoir ? Mettez-la en pratique. Un bon moyen pour cela : [&hellip;]<\/p>\n","protected":false},"author":1,"featured_media":0,"comment_status":"open","ping_status":"open","sticky":false,"template":"","format":"standard","meta":{"footnotes":""},"categories":[387],"tags":[437,783],"class_list":["post-2149","post","type-post","status-publish","format-standard","hentry","category-articles","tag-gestion","tag-intuition"],"_links":{"self":[{"href":"https:\/\/www.yvancliche.org\/index.php?rest_route=\/wp\/v2\/posts\/2149","targetHints":{"allow":["GET"]}}],"collection":[{"href":"https:\/\/www.yvancliche.org\/index.php?rest_route=\/wp\/v2\/posts"}],"about":[{"href":"https:\/\/www.yvancliche.org\/index.php?rest_route=\/wp\/v2\/types\/post"}],"author":[{"embeddable":true,"href":"https:\/\/www.yvancliche.org\/index.php?rest_route=\/wp\/v2\/users\/1"}],"replies":[{"embeddable":true,"href":"https:\/\/www.yvancliche.org\/index.php?rest_route=%2Fwp%2Fv2%2Fcomments&post=2149"}],"version-history":[{"count":5,"href":"https:\/\/www.yvancliche.org\/index.php?rest_route=\/wp\/v2\/posts\/2149\/revisions"}],"predecessor-version":[{"id":2823,"href":"https:\/\/www.yvancliche.org\/index.php?rest_route=\/wp\/v2\/posts\/2149\/revisions\/2823"}],"wp:attachment":[{"href":"https:\/\/www.yvancliche.org\/index.php?rest_route=%2Fwp%2Fv2%2Fmedia&parent=2149"}],"wp:term":[{"taxonomy":"category","embeddable":true,"href":"https:\/\/www.yvancliche.org\/index.php?rest_route=%2Fwp%2Fv2%2Fcategories&post=2149"},{"taxonomy":"post_tag","embeddable":true,"href":"https:\/\/www.yvancliche.org\/index.php?rest_route=%2Fwp%2Fv2%2Ftags&post=2149"}],"curies":[{"name":"wp","href":"https:\/\/api.w.org\/{rel}","templated":true}]}}