{"id":2158,"date":"1992-04-15T18:38:55","date_gmt":"1992-04-15T22:38:55","guid":{"rendered":"http:\/\/www.yvancliche.org\/?p=2158"},"modified":"2021-03-05T19:48:27","modified_gmt":"2021-03-06T00:48:27","slug":"la-langue-condition-de-reussite-economique","status":"publish","type":"post","link":"https:\/\/www.yvancliche.org\/?p=2158","title":{"rendered":"La langue, condition de r\u00e9ussite \u00e9conomique"},"content":{"rendered":"<p>Magazine Courants, mars-avril 1992<\/p>\n<p><span style=\"color: #000000;\">Les participants au colloque organis\u00e9\u00a0par la F\u00e9d\u00e9ration des c\u00e9geps et intitul\u00e9 <em>La maitrise de la langue<\/em>, facteur essentiel de r\u00e9ussite scolaire et professionnelle, qui s&rsquo;est d\u00e9roul\u00e9 \u00e0 Montr\u00e9al les 26 et 27 mars, convaincus de l&rsquo;importance strat\u00e9gique de la langue pour le d\u00e9veloppement de la soci\u00e9t\u00e9. Leur d\u00e9fi, c&rsquo;est de trouver les moyens de faire partager cette conviction \u00e0 tout le monde. Ce n&rsquo;est pas une mince t\u00e2che. Les gens lisent moins, ils se replient sur la communication audiovisuelle, sans compter que l&rsquo;anglais, la langue internationale de communication, fait concurrence ici \u00e0 langue fran\u00e7aise. Plus que jamais, le d\u00e9sir et la volont\u00e9 de bien ma\u00eetriser sa lange paraissent avoir atteint un creux historique.<\/span><\/p>\n<p><b><span style=\"color: #000000;\">Un enjeu \u00e9conomique<br \/>\n<\/span><\/b><span style=\"color: #000000;\">Est-ce \u00e0 dire que la ma\u00eetrise de la lange dans un monde de haute technologie, une utopie que l&rsquo;on devrait sacrifier aux n\u00e9cessit\u00e9s \u00e9conomiques ? Car l&rsquo;enjeu pas seulement culturel, il est \u00e9conomique. Nous ne pouvons pas nous attaquer\u00a0\u00e0 importants d\u00e9fis qui nous attendent sans nous doter des meilleures armes possibles Or, pour en disposer avec autonomie\u00a0et cr\u00e9ativit\u00e9, il importe de passer par ce canal fondamental du savoir qu&rsquo;est la langue.<\/span><\/p>\n<p>La langue, ce n&rsquo;est pas uniquement un outil de communication, c&rsquo;est l&rsquo;instrument la pens\u00e9e. La langue est LE moyen pour acc\u00e9der au savoir, pour comprendre des notions complexes, pour d\u00e9velopper l&rsquo;intelligence. Il ne s&rsquo;agit pas simplement de ma\u00eetriser la grammaire, l&rsquo;orthographe la syntaxe, mais aussi de favoriser la transmission de messages clairs et coh\u00e9rer en somme \u00ab de l&rsquo;aptitude \u00e0 comprend des notions complexes, d&rsquo;acc\u00e9der aux informations utiles, d&rsquo;exercer un raisonnement critique, de faire valoir son point vue \u00bb,<i> <\/i>comme le r\u00e9sume Marie-Eva Villers, directrice de la Qualit\u00e9 de la communication aux HEC.<\/p>\n<p>En cette \u00e8re de mondialisation et de comp\u00e9tition accrue, qui exige de nous tous un perfectionnement continu, une mise \u00e0 jour constante de connaissances, la n\u00e9cessit\u00e9 de ma\u00eetriser la langue s&rsquo;impose de fa\u00e7on encore plus urgente. C&rsquo;est une constatation qu&rsquo;a reprise G\u00e9rald Larose, pr\u00e9sident de la Conf\u00e9d\u00e9ration des syndicats nationaux. Avec les nouvelles technologies, l&rsquo;\u00ab habilet\u00e9 de la main \u00bb est remplac\u00e9e par la<br \/>\n\u00ab vivacit\u00e9 du cerveau \u00bb, souligne-t-il. \u00ab Il y a diminution de la charge physique de travail, mais augmentation de la charge mentale. En ce sens, la comp\u00e9tence linguistique permet plus facilement le perfectionnement technique professionnel. \u00bb<\/p>\n<p><b><span style=\"color: #000000;\">Un objectif pour tous<br \/>\n<\/span><\/b><span style=\"color: #000000;\">Mais, on le sait, notre langue est mal ma\u00eetris\u00e9e par une forte proportion de la popu\u00adlation qu\u00e9b\u00e9coise. Toutes les \u00e9tudes, tous les rapports qui traitent la question sont unanimes : il faut am\u00e9liorer la situation. Et pour ce faire, pas question de simplement enrichir les cours de fran\u00e7ais. Pour remonter la c\u00f4te, il faut faire davantage : il importe de conf\u00e9rer au fran\u00e7ais une place pr\u00e9pond\u00e9rante dans l&rsquo;enseignement, comme le recommandent d&rsquo;ailleurs les directeurs des services p\u00e9dagogiques de coll\u00e8ges dans un document soumis au colloque. En somme, faire de la ma\u00eetrise de la langue une priorit\u00e9 nationale.<\/span><\/p>\n<p><span style=\"color: #000000;\">La ma\u00eetrise de la langue doit devenir un objectif prioritaire pour tous les Qu\u00e9b\u00e9cois, confirme Marie-\u00c9va de Villers. \u00ab Aujourd&rsquo;hui, l<\/span><span style=\"color: #000000;\">a stricte acquisition des connaissances techniques ne suffit plus ; il faut aussi savoir communiquer avec efficacit\u00e9 et rigueur. \u00bb C&rsquo;est que l&rsquo;atteinte des objectifs d&rsquo;une entreprise, autant avec les employ\u00e9s, les actionnaires, les fournisseurs que les concurrents, pr\u00e9suppose une excellente ma\u00eetrise de la langue. Pas \u00e9tonnant que les HEC se soient donn\u00e9 en 1989 une politique de communication, qui fait d&rsquo;une excellente ma\u00eetrise du fran\u00e7ais une condition pr\u00e9alable \u00e0 l&rsquo;obtention du dipl\u00f4me. Le message est clair : la ma\u00eetrise de la langue est un crit\u00e8re de base pour r\u00e9ussir et faire sa marque, tant sur le plan individuel que collectif.<\/span><\/p>\n<p><span style=\"color: #000000;\">Faut-il revenir aux anciennes m\u00e9thodes pour promouvoir une meilleure ma\u00eetrise du fran\u00e7ais, comme plusieurs sont tent\u00e9s de sugg\u00e9rer ? Certes, les \u00e9ducateurs qu\u00e9b\u00e9cois ont balay\u00e9 ces derni\u00e8res ann\u00e9es la plupart sinon toutes les anciennes m\u00e9thodes d&rsquo;apprentissage de la langue. On a port\u00e9 au pinacle la ma\u00eetrise de la communication orale, au d\u00e9triment de l&rsquo;\u00e9criture et de la lecture. Le constat sur le succ\u00e8s de cette approche est brutal, comme le rapporte Diane Drouin, pr\u00e9sidente de la F\u00e9d\u00e9ration des commissions scolaires du Qu\u00e9bec. \u00ab Aujourd&rsquo;hui, les entreprises n&rsquo;\u00e9cartent plus les candidats parce qu&rsquo;ils n&rsquo;ont plus les habilet\u00e9s requises ou par manque d&rsquo;exp\u00e9rience, mais parce qu&rsquo;ils ne peuvent lire les instructions ou r\u00e9diger correctement un rapport. \u00bb R\u00e9v\u00e9lation<i> <\/i>\u00e9tonnante, mais qui a <\/span><span style=\"color: #000000;\">\u00e9t\u00e9 reprise par Ghislain Dufour, pr\u00e9sident du Conseil du patronat du Qu\u00e9bec. \u00ab Depuis quelques ann\u00e9es, la raison la plus souvent invoqu\u00e9e par les entreprises pour rejeter un candidat est son incapacit\u00e9 de s&rsquo;exprimer correctement. Ce facteur passe dor\u00e9navant avant l&rsquo;exp\u00e9rience. \u00bb<\/span><\/p>\n<p>Le plus \u00e9tonnant, c&rsquo;est que les lacunes langagi\u00e8res sont pr\u00e9sentes m\u00eame chez les \u00e9tudiants de niveau universitaire, rappelle Claude Corbo, recteur de l&rsquo;Universit\u00e9 du Qu\u00e9bec \u00e0 Montr\u00e9al, l\u00e0 o\u00f9 la ma\u00eetrise de la langue est une condition essentielle \u00e0 la r\u00e9ussite des cours. Bien s\u00fbr, le milieu de l&rsquo;\u00e9ducation n&rsquo;est pas rest\u00e9 insensible \u00e0 cette r\u00e9alit\u00e9 teint\u00e9e de morosit\u00e9. Plusieurs mesures ont \u00e9t\u00e9 prises, qui visent \u00e0 rendre plus rigoureuse la ma\u00eetrise de la langue dans la r\u00e9ussite scolaire, en sciences humaines comme en sciences pures. Il faut aussi ne pas oublier que les difficult\u00e9s reli\u00e9es \u00e0 la ma\u00eetrise de la langue ne se posent pas seulement au Qu\u00e9bec. R\u00e9guli\u00e8rement, des magazines am\u00e9ricains et europ\u00e9ens font de la langue leur cheval de bataille et, devant les pi\u00e8tres r\u00e9sultats des \u00e9l\u00e8ves en langue, relancent le d\u00e9bat. Nos confr\u00e8res anglophones reconnaissent \u00e9prouver d&rsquo;ailleurs les m\u00eames difficult\u00e9s, comme le confirme Alex Potter, directeur des Services p\u00e9dagogiques du c\u00e9gep Vanier.<\/p>\n<p><span style=\"color: #000000;\">Mais, nul besoin de redire la situation particuli\u00e8re du Qu\u00e9bec. Tous les secteurs d&rsquo;activit\u00e9 viennent nous rappeler la pr\u00e9dominance de l&rsquo;anglais, que ce soit dans le domaine des arts ou en technologie. C&rsquo;est pourquoi les intervenants au colloque ont parl\u00e9 de concertation dans l&rsquo;effort de valorisation de la langue. Concertation entre les gouvernements, les entreprises, les syndicats, les m\u00e9dias, le milieu scolaire. Car l&rsquo;avenir du fran\u00e7ais ne d\u00e9pend pas uniquement des enseignants. Il nous incombe \u00e0 tous, comme individus, comme parents, comme employ\u00e9s. Il en va non seulement de notre survie culturelle, mais de notre r\u00e9ussite \u00e9conomique.<\/span><\/p>\n","protected":false},"excerpt":{"rendered":"<p>Magazine Courants, mars-avril 1992 Les participants au colloque organis\u00e9\u00a0par la F\u00e9d\u00e9ration des c\u00e9geps et intitul\u00e9 La maitrise de la langue, facteur essentiel de r\u00e9ussite scolaire et professionnelle, qui s&rsquo;est d\u00e9roul\u00e9 \u00e0 Montr\u00e9al les 26 et 27 mars, convaincus de l&rsquo;importance strat\u00e9gique de la langue pour le d\u00e9veloppement de la soci\u00e9t\u00e9. Leur d\u00e9fi, c&rsquo;est de trouver [&hellip;]<\/p>\n","protected":false},"author":1,"featured_media":0,"comment_status":"open","ping_status":"open","sticky":false,"template":"","format":"standard","meta":{"footnotes":""},"categories":[387],"tags":[371,579],"class_list":["post-2158","post","type-post","status-publish","format-standard","hentry","category-articles","tag-francais","tag-langue"],"_links":{"self":[{"href":"https:\/\/www.yvancliche.org\/index.php?rest_route=\/wp\/v2\/posts\/2158","targetHints":{"allow":["GET"]}}],"collection":[{"href":"https:\/\/www.yvancliche.org\/index.php?rest_route=\/wp\/v2\/posts"}],"about":[{"href":"https:\/\/www.yvancliche.org\/index.php?rest_route=\/wp\/v2\/types\/post"}],"author":[{"embeddable":true,"href":"https:\/\/www.yvancliche.org\/index.php?rest_route=\/wp\/v2\/users\/1"}],"replies":[{"embeddable":true,"href":"https:\/\/www.yvancliche.org\/index.php?rest_route=%2Fwp%2Fv2%2Fcomments&post=2158"}],"version-history":[{"count":4,"href":"https:\/\/www.yvancliche.org\/index.php?rest_route=\/wp\/v2\/posts\/2158\/revisions"}],"predecessor-version":[{"id":2821,"href":"https:\/\/www.yvancliche.org\/index.php?rest_route=\/wp\/v2\/posts\/2158\/revisions\/2821"}],"wp:attachment":[{"href":"https:\/\/www.yvancliche.org\/index.php?rest_route=%2Fwp%2Fv2%2Fmedia&parent=2158"}],"wp:term":[{"taxonomy":"category","embeddable":true,"href":"https:\/\/www.yvancliche.org\/index.php?rest_route=%2Fwp%2Fv2%2Fcategories&post=2158"},{"taxonomy":"post_tag","embeddable":true,"href":"https:\/\/www.yvancliche.org\/index.php?rest_route=%2Fwp%2Fv2%2Ftags&post=2158"}],"curies":[{"name":"wp","href":"https:\/\/api.w.org\/{rel}","templated":true}]}}