{"id":2268,"date":"2014-01-30T17:53:01","date_gmt":"2014-01-30T22:53:01","guid":{"rendered":"http:\/\/www.yvancliche.org\/?p=2268"},"modified":"2014-03-02T17:56:06","modified_gmt":"2014-03-02T22:56:06","slug":"centrafrique-un-homme-tenace-nomme-premier-ministre","status":"publish","type":"post","link":"https:\/\/www.yvancliche.org\/?p=2268","title":{"rendered":"Centrafrique: un homme tenace nomm\u00e9 premier ministre"},"content":{"rendered":"<p><a title=\"Centrafrique: un homme tenace nomm\u00e9 premier ministre \" href=\"http:\/\/quebec.huffingtonpost.ca\/yvan-cliche\/centrafrique-nomination-premier-ministre_b_4677131.html\" target=\"_blank\">Huffington Post<\/a>, 30 janvier 2014<\/p>\n<p>Samedi 25 janvier, Andr\u00e9 Nzapayeke, 62 ans, est devenu premier ministre de la R\u00e9publique centrafricaine (RCA), nomm\u00e9 par la nouvelle pr\u00e9sidente, Catherine Samba-Panza.<\/p>\n<p>\u00c9conomiste \u00e0 la <a href=\"http:\/\/www.afdb.org\/\" target=\"_hplink\"><span style=\"color: #0000ff;\">Banque africaine de d\u00e9veloppement <\/span><\/a>(BAD), il a \u00e9t\u00e9 \u00e9lu, suite \u00e0 une \u00e9lection en 2009, pr\u00e9sident du Conseil du personnel de l&rsquo;institution, repr\u00e9sentant les employ\u00e9s aupr\u00e8s du bureau de la pr\u00e9sidence.<\/p>\n<p>La fonction en est une \u00e0 temps plein. M. Nzapayeke s&rsquo;est distingu\u00e9 par sa fougue, son \u00e9nergie, sa d\u00e9termination.<\/p>\n<p>J&rsquo;ai bien connu l&rsquo;homme, \u00e9tant dans son \u00e9quipe, comme secr\u00e9taire g\u00e9n\u00e9ral b\u00e9n\u00e9vole de ce Conseil du personnel. Pendant l&rsquo;ann\u00e9e qui a suivi son \u00e9lection, nous \u00e9changions sur une base quotidienne, sur diff\u00e9rents enjeux lies \u00e0 la gestion de l&rsquo;institution.<\/p>\n<p>Ce que j&rsquo;ai appr\u00e9ci\u00e9 d&rsquo;Andr\u00e9 Nzapayeke, c&rsquo;est son d\u00e9vouement, son attitude ax\u00e9e sur l&rsquo;action et les r\u00e9sultats. Contrairement \u00e0 une certaine image de l&rsquo;Africain francophone port\u00e9 sur les palabres et les formules grandiloquentes, Andr\u00e9 est enti\u00e8rement d\u00e9di\u00e9 \u00e0 l&rsquo;atteinte de r\u00e9sultats concrets, et y met toute son \u00e9nergie.<\/p>\n<p>Ses habilet\u00e9s de n\u00e9gociation et de persuasion ont permis de faire avancer des dossiers difficiles et sensibles aupr\u00e8s du d\u00e9partement des ressources humaines de la BAD, qui le trouvait particuli\u00e8rement tenace. Personne ne l&rsquo;intimide, car il croit fermement dans les causes qu&rsquo;il d\u00e9fend, notamment la bonne gouvernance.<\/p>\n<p>L&rsquo;homme, travailleur infatigable, m&rsquo;a un jour confi\u00e9 entretenir des r\u00eaves de gentleman-farmer dans son pays, \u00e0 sa retraite. Projet surprenant pour un hyperactif comme lui, lui ai-je r\u00e9pondu. Il n&rsquo;entrevoyait certes pas le destin funeste de la RCA, devenu un \u00c9tat failli aux prises avec le d\u00e9mon des haines religieuses.<\/p>\n<p>Il aura besoin de tous ses talents de n\u00e9gociateur pour calmer le jeu, et ensuite tenter de faire red\u00e9coller son pays, pour l&rsquo;heure compl\u00e8tement d\u00e9membr\u00e9. T\u00e2che immense, mais l&rsquo;homme, tel que je l&rsquo;ai connu, s&rsquo;y consacrera corps et \u00e2me, jour et nuit.<\/p>\n","protected":false},"excerpt":{"rendered":"<p>Huffington Post, 30 janvier 2014 Samedi 25 janvier, Andr\u00e9 Nzapayeke, 62 ans, est devenu premier ministre de la R\u00e9publique centrafricaine (RCA), nomm\u00e9 par la nouvelle pr\u00e9sidente, Catherine Samba-Panza. \u00c9conomiste \u00e0 la Banque africaine de d\u00e9veloppement (BAD), il a \u00e9t\u00e9 \u00e9lu, suite \u00e0 une \u00e9lection en 2009, pr\u00e9sident du Conseil du personnel de l&rsquo;institution, repr\u00e9sentant les [&hellip;]<\/p>\n","protected":false},"author":1,"featured_media":0,"comment_status":"open","ping_status":"open","sticky":false,"template":"","format":"standard","meta":{"footnotes":""},"categories":[1],"tags":[586,588,587],"class_list":["post-2268","post","type-post","status-publish","format-standard","hentry","category-opinions","tag-andre-nzapayeke","tag-centreafrique","tag-rca"],"_links":{"self":[{"href":"https:\/\/www.yvancliche.org\/index.php?rest_route=\/wp\/v2\/posts\/2268","targetHints":{"allow":["GET"]}}],"collection":[{"href":"https:\/\/www.yvancliche.org\/index.php?rest_route=\/wp\/v2\/posts"}],"about":[{"href":"https:\/\/www.yvancliche.org\/index.php?rest_route=\/wp\/v2\/types\/post"}],"author":[{"embeddable":true,"href":"https:\/\/www.yvancliche.org\/index.php?rest_route=\/wp\/v2\/users\/1"}],"replies":[{"embeddable":true,"href":"https:\/\/www.yvancliche.org\/index.php?rest_route=%2Fwp%2Fv2%2Fcomments&post=2268"}],"version-history":[{"count":2,"href":"https:\/\/www.yvancliche.org\/index.php?rest_route=\/wp\/v2\/posts\/2268\/revisions"}],"predecessor-version":[{"id":2270,"href":"https:\/\/www.yvancliche.org\/index.php?rest_route=\/wp\/v2\/posts\/2268\/revisions\/2270"}],"wp:attachment":[{"href":"https:\/\/www.yvancliche.org\/index.php?rest_route=%2Fwp%2Fv2%2Fmedia&parent=2268"}],"wp:term":[{"taxonomy":"category","embeddable":true,"href":"https:\/\/www.yvancliche.org\/index.php?rest_route=%2Fwp%2Fv2%2Fcategories&post=2268"},{"taxonomy":"post_tag","embeddable":true,"href":"https:\/\/www.yvancliche.org\/index.php?rest_route=%2Fwp%2Fv2%2Ftags&post=2268"}],"curies":[{"name":"wp","href":"https:\/\/api.w.org\/{rel}","templated":true}]}}