{"id":2292,"date":"2014-06-25T09:32:38","date_gmt":"2014-06-25T13:32:38","guid":{"rendered":"http:\/\/www.yvancliche.org\/?p=2292"},"modified":"2014-07-08T09:35:42","modified_gmt":"2014-07-08T13:35:42","slug":"irak-et-syrie-le-retour-de-lhistoire","status":"publish","type":"post","link":"https:\/\/www.yvancliche.org\/?p=2292","title":{"rendered":"Irak et Syrie : le retour de l&rsquo;Histoire"},"content":{"rendered":"<p><a title=\"Irak et Syrie : le retour de l'Histoire \" href=\"http:\/\/quebec.huffingtonpost.ca\/yvan-cliche\/irak-et-syrie-retour-de-lhistoire_b_5525769.html\" target=\"_blank\">Huffington Post<\/a>, 25 juin 2014<\/p>\n<p>Les f\u00e9rus d&rsquo;actualit\u00e9 internationale auront not\u00e9 l&rsquo;\u00e9mergence d&rsquo;un nouveau nom dans le paysage m\u00e9diatique pour d\u00e9signer le terrorisme islamique dans le monde arabe : l&rsquo;ISIL, pour Islamic State of Iraq and the Levant, principalement actif en Irak. Ce groupe est m\u00eame en voie de remplacer Al-Qa\u00efda comme principale menace terroriste dans le monde arabe et pour l&rsquo;Occident.<\/p>\n<p>L&rsquo;ISIL profite de la d\u00e9construction de l&rsquo;Irak et de la Syrie, deux pays maintenant divis\u00e9s selon des lignes de fracture religieuse et communautaire. La tension historique entre les sunnites et les chiites, qui remonte au premier temps de l&rsquo;islam, y a resurgi de mani\u00e8re dramatique.<\/p>\n<p>Dans ces deux pays, la communaut\u00e9 chiite d\u00e9tient le pouvoir. En Irak, les chiites, majoritaires, semblent prendre une certaine revanche sur la communaut\u00e9 sunnite, qui d\u00e9tenait le pouvoir du temps de Saddam Hussein. En Syrie, les chiites, dont fait partie la famille r\u00e9gnante des Al-Assad, sont minoritaires, mais conservent officiellement le pouvoir, m\u00eame s&rsquo;ils ne r\u00e8gnent plus que sur une fraction du pays.<\/p>\n<p>Comment en sommes-nous arriv\u00e9s \u00e0 une telle d\u00e9composition ?<\/p>\n<p>L&rsquo;Irak et la Syrie ne sont pas des pays cr\u00e9\u00e9s d&rsquo;une volont\u00e9 commune des populations, d&rsquo;une \u00e9volution politique \u00ab naturelle \u00bb. Ces \u00c9tats d\u00e9coulent de la colonisation anglaise et fran\u00e7aise du d\u00e9but du 20e si\u00e8cle, soit \u00e0 la suite des accords Sykes-Picot entre la Grande-Bretagne et la France en 1917 pour le partage de zones d&rsquo;influence dans la r\u00e9gion.<\/p>\n<p>Ils ont \u00e9t\u00e9 cr\u00e9\u00e9s \u00ab par le haut \u00bb, avec des fronti\u00e8res mal r\u00e9fl\u00e9chies, pour satisfaire \u00e0 des int\u00e9r\u00eats coloniaux. Au surplus, d\u00e8s le d\u00e9part, ces nouveaux \u00c9tats ont imm\u00e9diatement \u00e9t\u00e9 soumis \u00e0 des dictatures f\u00e9roces et claniques, bloquant toute possibilit\u00e9 d&rsquo;\u00e9mergence de soci\u00e9t\u00e9s fonctionnelles comme on l&rsquo;entend : ind\u00e9pendance du syst\u00e8me judiciaire, presse libre, mobilit\u00e9 sociale bas\u00e9e sur l&rsquo;effort et le m\u00e9rite, efficacit\u00e9, bonne gouvernance.<\/p>\n<p>Bref, les conditions n&rsquo;ont jamais \u00e9t\u00e9 mises en place pour faciliter leur transition d&rsquo;\u00c9tats artificiels vers des entit\u00e9s inclusives, permettant, sur la dur\u00e9e, de b\u00e2tir une identit\u00e9 commune assez forte, construite autour d&rsquo;avanc\u00e9es politiques et \u00e9conomiques, se superposant au clivage religieux traditionnel.<\/p>\n<p>Ce n&rsquo;est pas que les populations locales, avec leurs variantes religieuses ou ethniques, ne transigent pas, au jour le jour, en toute intelligence, et ce depuis des temps imm\u00e9moriaux. Mais leurs diff\u00e9rences identitaires sont imm\u00e9diatement exploit\u00e9es, notamment par des forces externes, d\u00e8s que l&rsquo;\u00c9tat d\u00e9montre des signes de faiblesse.<\/p>\n<p>En Irak, le gouvernement actuel a manqu\u00e9 une opportunit\u00e9 historique, suite \u00e0 l&rsquo;invasion am\u00e9ricaine, de cr\u00e9er des conditions d\u00e9mocratiques inclusives, au profit de toutes les communaut\u00e9s (sunnites, chiites, kurdes). R\u00e9sultat : les sunnites se sentent exclus, et plusieurs ont pris les armes, notamment en rejoignant l&rsquo;ISIL. Les Kurdes, quant \u00e0 eux, ne veulent ni plus ni moins qu&rsquo;un \u00c9tat ind\u00e9pendant.<\/p>\n<p>En Syrie, suite aux contestations d\u00e9mocratiques suivant le d\u00e9clenchement du Printemps arabe, la dictature de la famille Al-Assad, qui domine le pays depuis des d\u00e9cennies avec des r\u00e9sultats m\u00e9diocres, s&rsquo;est imm\u00e9diatement repli\u00e9e sur son clan pour maintenir, co\u00fbte que co\u00fbte, m\u00eame au prix du sang, sa grippe sur un \u00c9tat en d\u00e9liquescence.<\/p>\n<p>Comme c&rsquo;est toujours le cas, et surtout au Moyen-Orient, il faut revenir \u00e0 l&rsquo;Histoire pour mieux saisir les d\u00e9veloppements en cours. Malheureusement, dans le cas de l&rsquo;Irak et de la Syrie, l&rsquo;histoire semble avancer \u00e0 reculons.<\/p>\n<p>&nbsp;<\/p>\n<p>&nbsp;<\/p>\n","protected":false},"excerpt":{"rendered":"<p>Huffington Post, 25 juin 2014 Les f\u00e9rus d&rsquo;actualit\u00e9 internationale auront not\u00e9 l&rsquo;\u00e9mergence d&rsquo;un nouveau nom dans le paysage m\u00e9diatique pour d\u00e9signer le terrorisme islamique dans le monde arabe : l&rsquo;ISIL, pour Islamic State of Iraq and the Levant, principalement actif en Irak. Ce groupe est m\u00eame en voie de remplacer Al-Qa\u00efda comme principale menace terroriste [&hellip;]<\/p>\n","protected":false},"author":1,"featured_media":0,"comment_status":"open","ping_status":"open","sticky":false,"template":"","format":"standard","meta":{"footnotes":""},"categories":[1],"tags":[67,597,160,27],"class_list":["post-2292","post","type-post","status-publish","format-standard","hentry","category-opinions","tag-irak","tag-isil","tag-syrie","tag-terrorisme"],"_links":{"self":[{"href":"https:\/\/www.yvancliche.org\/index.php?rest_route=\/wp\/v2\/posts\/2292","targetHints":{"allow":["GET"]}}],"collection":[{"href":"https:\/\/www.yvancliche.org\/index.php?rest_route=\/wp\/v2\/posts"}],"about":[{"href":"https:\/\/www.yvancliche.org\/index.php?rest_route=\/wp\/v2\/types\/post"}],"author":[{"embeddable":true,"href":"https:\/\/www.yvancliche.org\/index.php?rest_route=\/wp\/v2\/users\/1"}],"replies":[{"embeddable":true,"href":"https:\/\/www.yvancliche.org\/index.php?rest_route=%2Fwp%2Fv2%2Fcomments&post=2292"}],"version-history":[{"count":1,"href":"https:\/\/www.yvancliche.org\/index.php?rest_route=\/wp\/v2\/posts\/2292\/revisions"}],"predecessor-version":[{"id":2293,"href":"https:\/\/www.yvancliche.org\/index.php?rest_route=\/wp\/v2\/posts\/2292\/revisions\/2293"}],"wp:attachment":[{"href":"https:\/\/www.yvancliche.org\/index.php?rest_route=%2Fwp%2Fv2%2Fmedia&parent=2292"}],"wp:term":[{"taxonomy":"category","embeddable":true,"href":"https:\/\/www.yvancliche.org\/index.php?rest_route=%2Fwp%2Fv2%2Fcategories&post=2292"},{"taxonomy":"post_tag","embeddable":true,"href":"https:\/\/www.yvancliche.org\/index.php?rest_route=%2Fwp%2Fv2%2Ftags&post=2292"}],"curies":[{"name":"wp","href":"https:\/\/api.w.org\/{rel}","templated":true}]}}