{"id":2299,"date":"2014-07-20T12:31:16","date_gmt":"2014-07-20T16:31:16","guid":{"rendered":"http:\/\/www.yvancliche.org\/?p=2299"},"modified":"2014-07-20T12:54:15","modified_gmt":"2014-07-20T16:54:15","slug":"adolescentes-voilees-du-corps-souille-au-corps-sacre","status":"publish","type":"post","link":"https:\/\/www.yvancliche.org\/?p=2299","title":{"rendered":"Adolescentes voil\u00e9es. Du corps souill\u00e9 au corps sacr\u00e9"},"content":{"rendered":"<p>Meryem Sellami, Adolescentes voil\u00e9es. Du corps souill\u00e9 au corps sacr\u00e9, Presses de l\u2019Universit\u00e9 Laval, 2013, 214 p.<\/p>\n<p>Nuit blanche, no.135, \u00e9t\u00e9 2014<\/p>\n<p>Voil\u00e0 un livre important dans le contexte politique qu\u00e9b\u00e9cois et canadien. Avec la Charte des valeurs qu\u00e9b\u00e9coises, la question du voile islamique a fait une entr\u00e9e spectaculaire dans les d\u00e9bats politiques au Qu\u00e9bec. Beaucoup s\u2019est dit sur le voile mais, les d\u00e9tracteurs de la Charte l\u2019ont soulign\u00e9, peu d\u2019\u00e9tudes sont venues \u00e9clair\u00e9es le d\u00e9bat. Et voil\u00e0 une \u00e9tude, s\u00e9rieuse\u00a0: une th\u00e8se de doctorat \u00e0 l\u2019universit\u00e9 de Strasbourg bas\u00e9e sur une enqu\u00eate aupr\u00e8s de jeunes adolescentes en Tunisie.<\/p>\n<p>Tout au long de l\u2019ouvrage, l\u2019auteure est tr\u00e8s claire sur sa description et son explication du port accru du voile par des adolescentes dans ce pays. Selon elle, le voile est un signe patent du maintien du patriarcat dans les soci\u00e9t\u00e9s arabes, et aussi de la continuit\u00e9 du culte ancestral de la virginit\u00e9. Avec le voile, les jeunes femmes d\u00e9montrent qu\u2019elles ont \u00ab\u00a0int\u00e9rioris\u00e9\u00a0\u00bb la vision manich\u00e9enne que les hommes posent sur elles\u00a0: soit les femmes affichent des m\u0153urs faciles (lire\u00a0: occidentalis\u00e9es) ou soit des m\u0153urs traditionnelles, pures, bref \u00ab\u00a0musulmanes\u00a0\u00bb.<\/p>\n<p>Comme encore dans le monde arabe, pour \u00eatre \u00ab\u00a0mariable\u00a0\u00bb, une fille doit \u00eatre \u00ab\u00a0pure\u00a0\u00bb, donc vierge, comment mieux afficher cette \u00ab\u00a0mariabilit\u00e9\u00a0\u00bb, cette puret\u00e9, sa bonne r\u00e9putation que le voile ? \u00ab\u00a0Transgresser la norme virginale constitue une d\u00e9viance qui expose l\u2019adolescente \u00e0 un risque identitaire majeur, celui d\u2019\u00eatre une stigmatis\u00e9e impure (\u2026) Les jeunes filles sont amen\u00e9es \u00e0 esquiver ce risque au quotidien, notamment \u00e0 travers le voilement, qui renvoie \u00e0 une puret\u00e9 socialement affich\u00e9e\u00a0\u00bb.<\/p>\n<p>Mme Sellami situe cette mont\u00e9e du voile apr\u00e8s les \u00e9v\u00e9nements du 11 Septembre (2001) et la guerre qui s\u2019en est suivie en Irak, et la volont\u00e9 de \u00ab\u00a0restitution de la dignit\u00e9 islamique\u00a0\u00bb face \u00e0 l\u2019h\u00e9g\u00e9monie culturelle de l\u2019Occident. Avec la multiplication des chaines satellitaires arabes sont apparus des pr\u00e9dicateurs int\u00e9gristes pour qui une bonne musulmane, digne, celle qui se respecte, se pare n\u00e9cessairement du voile. Ils jouent un grand r\u00f4le dans l\u2019usage grandissant de cet accoutrement si contest\u00e9.<\/p>\n<p>Un livre pertinent, qui d\u00e9voile (sans jeu de mots) une plus grandes diff\u00e9rences entre les soci\u00e9t\u00e9s arabe et occidentale actuelles\u00a0: la pudeur.<\/p>\n<p>&nbsp;<\/p>\n<p>&nbsp;<\/p>\n<p>&nbsp;<\/p>\n<p>&nbsp;<\/p>\n","protected":false},"excerpt":{"rendered":"<p>Meryem Sellami, Adolescentes voil\u00e9es. Du corps souill\u00e9 au corps sacr\u00e9, Presses de l\u2019Universit\u00e9 Laval, 2013, 214 p. Nuit blanche, no.135, \u00e9t\u00e9 2014 Voil\u00e0 un livre important dans le contexte politique qu\u00e9b\u00e9cois et canadien. Avec la Charte des valeurs qu\u00e9b\u00e9coises, la question du voile islamique a fait une entr\u00e9e spectaculaire dans les d\u00e9bats politiques au Qu\u00e9bec. [&hellip;]<\/p>\n","protected":false},"author":1,"featured_media":0,"comment_status":"open","ping_status":"open","sticky":false,"template":"","format":"standard","meta":{"footnotes":""},"categories":[4],"tags":[79,602,142,52],"class_list":["post-2299","post","type-post","status-publish","format-standard","hentry","category-critique_de_livres","tag-islam","tag-meryem-sellami","tag-monde-arabe","tag-voile"],"_links":{"self":[{"href":"https:\/\/www.yvancliche.org\/index.php?rest_route=\/wp\/v2\/posts\/2299","targetHints":{"allow":["GET"]}}],"collection":[{"href":"https:\/\/www.yvancliche.org\/index.php?rest_route=\/wp\/v2\/posts"}],"about":[{"href":"https:\/\/www.yvancliche.org\/index.php?rest_route=\/wp\/v2\/types\/post"}],"author":[{"embeddable":true,"href":"https:\/\/www.yvancliche.org\/index.php?rest_route=\/wp\/v2\/users\/1"}],"replies":[{"embeddable":true,"href":"https:\/\/www.yvancliche.org\/index.php?rest_route=%2Fwp%2Fv2%2Fcomments&post=2299"}],"version-history":[{"count":1,"href":"https:\/\/www.yvancliche.org\/index.php?rest_route=\/wp\/v2\/posts\/2299\/revisions"}],"predecessor-version":[{"id":2300,"href":"https:\/\/www.yvancliche.org\/index.php?rest_route=\/wp\/v2\/posts\/2299\/revisions\/2300"}],"wp:attachment":[{"href":"https:\/\/www.yvancliche.org\/index.php?rest_route=%2Fwp%2Fv2%2Fmedia&parent=2299"}],"wp:term":[{"taxonomy":"category","embeddable":true,"href":"https:\/\/www.yvancliche.org\/index.php?rest_route=%2Fwp%2Fv2%2Fcategories&post=2299"},{"taxonomy":"post_tag","embeddable":true,"href":"https:\/\/www.yvancliche.org\/index.php?rest_route=%2Fwp%2Fv2%2Ftags&post=2299"}],"curies":[{"name":"wp","href":"https:\/\/api.w.org\/{rel}","templated":true}]}}