{"id":2306,"date":"2014-02-08T12:49:59","date_gmt":"2014-02-08T17:49:59","guid":{"rendered":"http:\/\/www.yvancliche.org\/?p=2306"},"modified":"2021-03-06T13:36:13","modified_gmt":"2021-03-06T18:36:13","slug":"centrafrique-premier-ministre-sans-portefeuille","status":"publish","type":"post","link":"https:\/\/www.yvancliche.org\/?p=2306","title":{"rendered":"Centrafrique : Premier ministre sans portefeuille"},"content":{"rendered":"<p>Texte de Jeune Afrique, 2-8 f\u00e9vrier 2014<\/p>\n<p>Le vice-pr\u00e9sident de la Banque de d\u00e9veloppement de l&rsquo;Afrique centrale se r\u00eavait gentleman-farmer. Finalement, Andr\u00e9 Nzapay\u00e9k\u00e9 dirige le gouvernement de la transition. Pas vraiment une sin\u00e9cure !<\/p>\n<p>Lorsqu&rsquo;il a appris que son ancien coll\u00e8gue de la Banque africaine de d\u00e9veloppement (BAD) venait d&rsquo;\u00eatre nomm\u00e9, le 25 janvier, Premier ministre du gouvernement de transition centrafricain, le haut fonctionnaire canadien <strong>Yvan Cliche<\/strong> a post\u00e9 depuis Montr\u00e9al ce message au courrier des lecteurs de J.A. : \u00ab Quel revirement dans les plans de vie d&rsquo;un homme qui me confiait, il y a quelques ann\u00e9es, entretenir des r\u00eaves de gentleman-farmer dans son pays ! Mais Andr\u00e9 aime les grands d\u00e9fis, et s&rsquo;il est un de ses fils sur lequel la R\u00e9publique centrafricaine peut compter pour ramener un peu de bon sens dans le pays, c&rsquo;est bien lui. \u00bb<\/p>\n<p>Personne, il est vrai, ne s&rsquo;attendait vraiment \u00e0 voir surgir dans le paysage sinistr\u00e9 de la Centrafrique ce technocrate de 62 ans, tout d&rsquo;abord candidat retoqu\u00e9 \u00e0 la candidature pour le poste de pr\u00e9sident de la transition, puis postulant discret \u00e0 la prima ture, finalement pr\u00e9f\u00e9r\u00e9 par Catherine Samba-Panza, la nouvelle chef de l&rsquo;\u00c9tat, \u00e0 l&rsquo;incontr\u00f4lable Karim Meckassoua.<\/p>\n<p>Encore peu connu de ses compatriotes, Andr\u00e9 Nzapay\u00e9k\u00e9 a men\u00e9 l&rsquo;essentiel de sa carri\u00e8re en dehors des sentiers de l&rsquo;\u00c9tat et de l&rsquo;administration, dont il n&rsquo;est gu\u00e8re familier. Natif de Bangassou, dans le Mbomou, fils d&rsquo;un pasteur qui fut aussi commer\u00e7ant, \u00e9colier brillant, il d\u00e9croche une bourse de la Communaut\u00e9 europ\u00e9enne pour suivre des \u00e9tudes de sociologie du d\u00e9veloppement (sanctionn\u00e9es par un doctorat) et d&rsquo;anthropologie sociale \u00e0 l&rsquo;universit\u00e9 d&rsquo;Amsterdam.<\/p>\n<p>De retour \u00e0 Bangui au d\u00e9but des ann\u00e9es 1980, Nzapay\u00e9k\u00e9 y \u00e9tablit un bureau de consultant et milite un court moment au sein du parti d&rsquo;Abel Goumba, situ\u00e9 \u00e0 gauche sur l&rsquo;\u00e9chiquier politique. Ministre du D\u00e9veloppement rural au d\u00e9but des ann\u00e9es 1990, sous Andr\u00e9 Kolingba, il quitte le gouvernement au bout d&rsquo;un an et fait prosp\u00e9rer son cabinet priv\u00e9, lequel conseille notamment la coop\u00e9ration du Grand-Duch\u00e9 de Luxembourg, d&rsquo;o\u00f9 est originaire son \u00e9pouse. En 2009, il entre \u00e0 la BAD, o\u00f9 il occupe les postes de pr\u00e9sident du Conseil du personnel puis d&rsquo;administrateur charg\u00e9 de cinq pays d&rsquo;Afrique centrale, dont le sien.<\/p>\n<p><strong>SOUVENIRS<\/strong><br \/>\nCandidat malheureux \u00e0 la pr\u00e9sidence de la Commission de la Communaut\u00e9 \u00e9conomique et mon\u00e9taire de l&rsquo;Afrique centrale (Cemac) en 2011, Andr\u00e9 Nzapay\u00e9k\u00e9 devient en 2012 le vice-pr\u00e9sident de la Banque de d\u00e9veloppement des \u00c9tats de l&rsquo;Afrique centrale (BDEAC). Son passage au si\u00e8ge de cette institution, \u00e0 Brazzaville, ne lui laissera pas que de bons souvenirs : ses rapports avec le Gabonais Micha\u00ebl Adand\u00e9, pr\u00e9sident de la BDEAC, deviennent vite ex\u00e9crables, ce qui n&#8217;emp\u00eachera pas ce dernier de lui t\u00e9l\u00e9phoner pour le f\u00e9liciter de sa nomination \u00e0 la primature.<\/p>\n<p>Consensuel, Nzapay\u00e9k\u00e9 reconna\u00eet volontiers ce qu&rsquo;il doit \u00e0 des hommes aussi divers que les ex-pr\u00e9sidents Fran\u00e7ois Boziz\u00e9 (\u00ab il m&rsquo;a beaucoup aid\u00e9 \u00bb) et Michel Djotodia (\u00ab nous nous appelions toutes<br \/>\nles semaines ou presque \u00bb), ou encore Karim Meckassoua, qui, lorsqu&rsquo;il \u00e9tait encore ministre, a port\u00e9 sa candidature \u00e0 la Cemac. Proche \u00e9galement du pr\u00e9sident du S\u00e9nat congolais, Andr\u00e9 Obami Itou, le nouveau Premier ministre dirige depuis le 27 janvier un gouvernement de combat majoritairement compos\u00e9 de personnalit\u00e9s originaires du grand Est de la Centrafrique (r\u00e9gion dont Catherine Samba-Panza et lui-m\u00eame sont issus) et \u00e0 forte composante f\u00e9minine.<\/p>\n<p>Objectifs prioritaires : s\u00e9curiser Bangui pour qu&rsquo;un semblant d&rsquo;\u00e9conomie renaisse, puis emp\u00eacher une partition de facto du pays entre un Nord \u00ab s\u00e9l\u00e9kiste \u00bb et un Sud \u00ab anti-balakiste \u00bb. \u00ab Une mission de sacrifice \u00bb, explique Andr\u00e9 Nzapay\u00e9k\u00e9, qui confie avoir abandonn\u00e9 un portefeuille financi\u00e8rement plus que confortable \u00e0 Brazzaville pour un autre, \u00ab voisin de z\u00e9ro \u00bb &#8230;<\/p>\n<p>FRAN\u00c7OIS SOUDAN<\/p>\n","protected":false},"excerpt":{"rendered":"<p>Texte de Jeune Afrique, 2-8 f\u00e9vrier 2014 Le vice-pr\u00e9sident de la Banque de d\u00e9veloppement de l&rsquo;Afrique centrale se r\u00eavait gentleman-farmer. Finalement, Andr\u00e9 Nzapay\u00e9k\u00e9 dirige le gouvernement de la transition. Pas vraiment une sin\u00e9cure ! Lorsqu&rsquo;il a appris que son ancien coll\u00e8gue de la Banque africaine de d\u00e9veloppement (BAD) venait d&rsquo;\u00eatre nomm\u00e9, le 25 janvier, Premier [&hellip;]<\/p>\n","protected":false},"author":1,"featured_media":0,"comment_status":"closed","ping_status":"open","sticky":false,"template":"","format":"standard","meta":{"footnotes":""},"categories":[387],"tags":[790,791,606,587],"class_list":["post-2306","post","type-post","status-publish","format-standard","hentry","category-articles","tag-andre-nazapayake-yvan-cliche","tag-bad","tag-centrafrique","tag-rca"],"_links":{"self":[{"href":"https:\/\/www.yvancliche.org\/index.php?rest_route=\/wp\/v2\/posts\/2306","targetHints":{"allow":["GET"]}}],"collection":[{"href":"https:\/\/www.yvancliche.org\/index.php?rest_route=\/wp\/v2\/posts"}],"about":[{"href":"https:\/\/www.yvancliche.org\/index.php?rest_route=\/wp\/v2\/types\/post"}],"author":[{"embeddable":true,"href":"https:\/\/www.yvancliche.org\/index.php?rest_route=\/wp\/v2\/users\/1"}],"replies":[{"embeddable":true,"href":"https:\/\/www.yvancliche.org\/index.php?rest_route=%2Fwp%2Fv2%2Fcomments&post=2306"}],"version-history":[{"count":2,"href":"https:\/\/www.yvancliche.org\/index.php?rest_route=\/wp\/v2\/posts\/2306\/revisions"}],"predecessor-version":[{"id":2868,"href":"https:\/\/www.yvancliche.org\/index.php?rest_route=\/wp\/v2\/posts\/2306\/revisions\/2868"}],"wp:attachment":[{"href":"https:\/\/www.yvancliche.org\/index.php?rest_route=%2Fwp%2Fv2%2Fmedia&parent=2306"}],"wp:term":[{"taxonomy":"category","embeddable":true,"href":"https:\/\/www.yvancliche.org\/index.php?rest_route=%2Fwp%2Fv2%2Fcategories&post=2306"},{"taxonomy":"post_tag","embeddable":true,"href":"https:\/\/www.yvancliche.org\/index.php?rest_route=%2Fwp%2Fv2%2Ftags&post=2306"}],"curies":[{"name":"wp","href":"https:\/\/api.w.org\/{rel}","templated":true}]}}