{"id":2393,"date":"2016-04-07T10:15:51","date_gmt":"2016-04-07T14:15:51","guid":{"rendered":"http:\/\/www.yvancliche.org\/?p=2393"},"modified":"2016-04-07T10:16:38","modified_gmt":"2016-04-07T14:16:38","slug":"le-francais","status":"publish","type":"post","link":"https:\/\/www.yvancliche.org\/?p=2393","title":{"rendered":"Le Fran\u00e7ais"},"content":{"rendered":"<p>Julien Suaudeau, Le Fran\u00e7ais, Paris, Robert Laffont, 2015, 210 p.<\/p>\n<p>Nuit blanche, no. 142, printemps 2016<\/p>\n<p>C\u2019est un roman puissant, en circuit ferm\u00e9, sombre mais touchant, que nous offre cet auteur qui en est \u00e0 son deuxi\u00e8me ouvrage et qui s\u2019int\u00e9resse ici \u00e0 la d\u00e9tresse de jeunes faisant les petits boulots dans une France froide et t\u00e9n\u00e9breuse.<\/p>\n<p>L\u2019histoire d\u00e9bute \u00e0 \u00c9vreux, dans une Normandie o\u00f9 le soleil ne semble jamais trouver refuge. Et il finit en Syrie, dans le chaos infernal des combats djihadistes, o\u00f9 le nihilisme le dispute \u00e0 la d\u00e9raison.<\/p>\n<p>Le narrateur et protagoniste du roman se laisse glisser dans une fluidit\u00e9 de plus en plus morbide d\u2019\u00e9v\u00e9nements qui semblent \u00e9chapper \u00e0 sa volont\u00e9. \u00c0 \u00c9vreux, il vit comme un petit salari\u00e9 sans perspective, li\u00e9 \u00e0 des camarades fils d\u2019immigrants, et subit la violence de son beau-p\u00e8re\u00a0: un d\u00e9chainement d\u2019\u00e9nergie qui tranche singuli\u00e8rement avec son apparente passivit\u00e9, qui est aussi un trait de sa m\u00e8re, avec laquelle il est grandement attach\u00e9 malgr\u00e9 tout.<\/p>\n<p>Son seul rayon de bonheur est la pr\u00e9sence furtive de St\u00e9phanie, une fille de son bled qui apparait s\u2019int\u00e9resser \u00e0 lui, m\u00eame si on sent que le sentiment du narrateur est davantage une \u00eele fantasm\u00e9e qu\u2019une idylle partag\u00e9e.<\/p>\n<p>\u00c0 la faveur de petites magouilles visant \u00e0 faire avec un copain un rapide coup d\u2019argent, on lui offre d\u2019aller au Mali, \u00e0 Bamako, pour faire l\u2019entretien informatique d\u2019un petit commerce qui s\u2019av\u00e8re un paravent \u00e0 de louches man\u0153uvres.<\/p>\n<p>Instrumentalis\u00e9 par les services secrets fran\u00e7ais, il part en Syrie et trouve une raison de vivre \u00e0 tenir compagnie et \u00e0 \u00e9pauler \u00e0 une jeune femme toute voil\u00e9e, emprisonn\u00e9e et condamn\u00e9e par les djihadistes locaux. Ces derniers le forcent ni plus ni moins \u00e0 jouer un r\u00f4le d\u2019ex\u00e9cuteur d\u2019otages, ce qu\u2019il fait \u00e0 visage d\u00e9couvert, et ses funestes actions se retrouvent partag\u00e9es sur Internet. On le surnommera Le Fran\u00e7ais, dor\u00e9navant connu de la plan\u00e8te enti\u00e8re comme un assassin sadique.<\/p>\n<p>Comment lui, apparemment si doux et r\u00e9serv\u00e9, en est-il arriv\u00e9 l\u00e0 ? Dans une lettre touchante adress\u00e9e au p\u00e8re qu\u2019il ne voit plus pourtant depuis des ann\u00e9es, \u00e0 la toute fin de son parcours trouble, il apporte une piste d\u2019explications, en lan\u00e7ant ce bouleversant cri du c\u0153ur\u00a0: \u00ab\u00a0(\u2026) vous m\u2019avez tout pris\u00a0: l\u2019amour, la beaut\u00e9 des lendemains, vous avez tout fracass\u00e9 (\u2026) je suis l\u00e0, je suis l\u00e0, je suis l\u00e0. Est-ce que tu m\u2019entends, Papa ? Je ne suis pas une petite chose\u2026\u00a0\u00bb<\/p>\n","protected":false},"excerpt":{"rendered":"<p>Julien Suaudeau, Le Fran\u00e7ais, Paris, Robert Laffont, 2015, 210 p. Nuit blanche, no. 142, printemps 2016 C\u2019est un roman puissant, en circuit ferm\u00e9, sombre mais touchant, que nous offre cet auteur qui en est \u00e0 son deuxi\u00e8me ouvrage et qui s\u2019int\u00e9resse ici \u00e0 la d\u00e9tresse de jeunes faisant les petits boulots dans une France froide [&hellip;]<\/p>\n","protected":false},"author":1,"featured_media":0,"comment_status":"closed","ping_status":"open","sticky":false,"template":"","format":"standard","meta":{"footnotes":""},"categories":[4],"tags":[27,132],"class_list":["post-2393","post","type-post","status-publish","format-standard","hentry","category-critique_de_livres","tag-terrorisme","tag-terrorisme-islamique"],"_links":{"self":[{"href":"https:\/\/www.yvancliche.org\/index.php?rest_route=\/wp\/v2\/posts\/2393","targetHints":{"allow":["GET"]}}],"collection":[{"href":"https:\/\/www.yvancliche.org\/index.php?rest_route=\/wp\/v2\/posts"}],"about":[{"href":"https:\/\/www.yvancliche.org\/index.php?rest_route=\/wp\/v2\/types\/post"}],"author":[{"embeddable":true,"href":"https:\/\/www.yvancliche.org\/index.php?rest_route=\/wp\/v2\/users\/1"}],"replies":[{"embeddable":true,"href":"https:\/\/www.yvancliche.org\/index.php?rest_route=%2Fwp%2Fv2%2Fcomments&post=2393"}],"version-history":[{"count":2,"href":"https:\/\/www.yvancliche.org\/index.php?rest_route=\/wp\/v2\/posts\/2393\/revisions"}],"predecessor-version":[{"id":2395,"href":"https:\/\/www.yvancliche.org\/index.php?rest_route=\/wp\/v2\/posts\/2393\/revisions\/2395"}],"wp:attachment":[{"href":"https:\/\/www.yvancliche.org\/index.php?rest_route=%2Fwp%2Fv2%2Fmedia&parent=2393"}],"wp:term":[{"taxonomy":"category","embeddable":true,"href":"https:\/\/www.yvancliche.org\/index.php?rest_route=%2Fwp%2Fv2%2Fcategories&post=2393"},{"taxonomy":"post_tag","embeddable":true,"href":"https:\/\/www.yvancliche.org\/index.php?rest_route=%2Fwp%2Fv2%2Ftags&post=2393"}],"curies":[{"name":"wp","href":"https:\/\/api.w.org\/{rel}","templated":true}]}}