{"id":2541,"date":"2020-04-03T15:38:15","date_gmt":"2020-04-03T19:38:15","guid":{"rendered":"http:\/\/www.yvancliche.org\/?p=2541"},"modified":"2020-04-03T15:44:25","modified_gmt":"2020-04-03T19:44:25","slug":"hydro-quebec-des-defis-immediats-pour-sophie-brochu","status":"publish","type":"post","link":"https:\/\/www.yvancliche.org\/?p=2541","title":{"rendered":"Hydro-Qu\u00e9bec: des d\u00e9fis imm\u00e9diats pour Sophie Brochu"},"content":{"rendered":"<p class=\"lead textModule textModule--type-lead\"><a href=\"https:\/\/www.lapresse.ca\/debats\/opinions\/202004\/02\/01-5267693-hydro-quebec-des-defis-immediats-pour-sophie-brochu.php\">La Presse<\/a>, 3 avril 2020<br \/>\n<span class=\"name authorModule__name\">YVAN CLICHE\u00a0<\/span><br \/>\n<span class=\"organization authorModule__organisation authorModule__organisation--size-small organization--size-small\">RETRAIT\u00c9 D\u2019HYDRO-QU\u00c9BEC (2019), MAINTENANT FELLOW AU CERIUM.<\/span><\/p>\n<div>\n<p>C\u2019est en pleine crise de sant\u00e9 publique et \u00e9conomique que Sophie Brochu, ex-PDG d\u2019\u00c9nergir, est nomm\u00e9e \u00e0 la t\u00eate d\u2019Hydro-Qu\u00e9bec, premi\u00e8re femme donc \u00e0 occuper cette redoutable fonction depuis la cr\u00e9ation de l\u2019entreprise en 1944 (en excluant un court int\u00e9rim de Lise Croteau, en 2015).<\/p>\n<p>Sophie Brochu commence son mandat dans des conditions difficiles, mais avec de forts atouts. Elle conna\u00eet bien le secteur de l\u2019\u00e9nergie et les march\u00e9s limitrophes, o\u00f9 Hydro vend beaucoup d\u2019\u00e9lectricit\u00e9, et o\u00f9 elle vise \u00e0 en vendre encore bien davantage.<\/p>\n<p>\u00c0 son premier jour en fonction, lundi prochain, 6 avril, elle trouvera une entreprise en bonne sant\u00e9 financi\u00e8re (pr\u00e8s de 3 milliards de profits nets en 2019), avec une culture bien ancr\u00e9e d\u2019am\u00e9lioration continue, un groupe loyal de 20\u00a0000\u00a0employ\u00e9s, fiers de leur expertise et de leur contribution au Qu\u00e9bec, partout sur notre vaste territoire.<\/p>\n<p>Comme pour toutes les entreprises, la crise de la COVID-19 fait peser de grosses incertitudes sur Hydro-Qu\u00e9bec. M\u00eame si les gens sont \u00e0 la maison et consomment plus d\u2019\u00e9lectricit\u00e9, Hydro-Qu\u00e9bec fait son pain et son beurre avec les ventes aux commerces et aux entreprises, et \u00e0 l\u2019exportation.<\/p>\n<p>Avec l\u2019\u00e9conomie en pause forc\u00e9e, ici comme aux \u00c9tats-Unis, ce sont des millions en revenus qui n\u2019entrent pas dans les coffres de la soci\u00e9t\u00e9 d\u2019\u00c9tat, dont la moiti\u00e9 des profits va \u00e0 son actionnaire, le gouvernement du Qu\u00e9bec, sous forme de dividendes.<\/p>\n<p>Quelle strat\u00e9gie sera d\u00e9ploy\u00e9e pour combler cette perte de revenus, dans un march\u00e9 qu\u00e9b\u00e9cois qui devrait \u00eatre en r\u00e9cession prolong\u00e9e durant toute\u00a0l\u2019ann\u00e9e 2020\u00a0?<\/p>\n<p>C\u00f4t\u00e9 exportations, quels seront les effets \u00e0 court et \u00e0 moyen terme de cette crise dans les march\u00e9s voisins, o\u00f9 les ventes contribuent au tiers des profits d\u2019Hydro\u00a0? Quelle sera la suite dans ces march\u00e9s en ce qui concerne les efforts en efficacit\u00e9 \u00e9nerg\u00e9tique, les engagements en faveur de la r\u00e9duction des \u00e9missions de gaz \u00e0 effet de serre et la transition vers les \u00e9nergies renouvelables, bref en ce qui concerne la demande en \u00e9lectricit\u00e9\u00a0?<\/p>\n<p>Du c\u00f4t\u00e9 de l\u2019industrie du gaz de schiste, principal comp\u00e9titeur d\u2019Hydro, l\u2019actuelle chute historique du prix des combustibles fait tr\u00e8s mal. Il y a plus d\u2019une d\u00e9cennie, l\u2019\u00e9mergence de ce secteur a entra\u00een\u00e9 une baisse spectaculaire des prix de l\u2019\u00e9lectricit\u00e9 dans le nord-est des \u00c9tats-Unis, minant en partie la comp\u00e9titivit\u00e9 de celui offert par Hydro \u00e0 ses clients hors Qu\u00e9bec.<\/p>\n<p><strong>Le sentiment de repli national, un danger<\/strong><br \/>\nMais l\u2019effondrement potentiel de ce secteur pourrait aussi susciter un repli national aux \u00c9tats-Unis, dor\u00e9navant d\u00e9sireux de recouvrer leur ind\u00e9pendance \u00e9nerg\u00e9tique.<\/p>\n<p>On a vu combien l\u2019absence d\u2019autonomie en mati\u00e8re d\u2019\u00e9quipements m\u00e9dicaux a jou\u00e9 de mauvais tours au Qu\u00e9bec, aux \u00c9tats-Unis et ailleurs.<\/p>\n<p>Or, l\u2019\u00e9nergie est un secteur o\u00f9 les d\u00e9cideurs ont toujours \u00e9t\u00e9 tr\u00e8s jaloux de conserver une grande s\u00e9curit\u00e9 d\u2019approvisionnement.<\/p>\n<p>Dans ce nouveau contexte, comment seront per\u00e7us chez nos voisins des liens potentiellement accrus avec Hydro-Qu\u00e9bec, m\u00eame si ceux-ci sont avantageux pour tous sur les plans \u00e9conomique et environnemental, \u00e9tant donn\u00e9 le prix comp\u00e9titif de notre hydro\u00e9lectricit\u00e9 et son caract\u00e8re renouvelable\u00a0?<\/p>\n<p>La crise de la COVID-19 fournit potentiellement aux opposants am\u00e9ricains du contrat d\u2019Hydro au Massachusetts (obtenu en 2018, 9,45 t\u00e9rawattheures sur 20 ans) un argument suppl\u00e9mentaire pour le bloquer. Et ce, dans un march\u00e9 d\u00e9j\u00e0 difficile, o\u00f9 construire une ligne de transport pour acheminer cette \u00e9lectricit\u00e9 et naviguer \u00e0 travers les enjeux r\u00e9glementaires pour la faire approuver constituaient d\u00e9j\u00e0, avant la crise, un parcours du combattant.<\/p>\n<p>Hydro-Qu\u00e9bec devra donc poursuivre, mais avec encore plus d\u2019acharnement, son travail actuel de lobbying, pour marteler l\u2019importance, plus que jamais, d\u2019affronter l\u2019enjeu des changements climatiques avec une perspective d\u2019ensemble.<\/p>\n<p>Un message qui rappelle que son produit a tous les atouts pour acc\u00e9l\u00e9rer cette obligatoire transition vers une \u00e9conomie d\u00e9carbon\u00e9e\u00a0:\u00a0une \u00e9nergie propre qui peut \u00eatre stock\u00e9e en raison de ses vastes r\u00e9servoirs\u00a0; et disposant de la capacit\u00e9 de suppl\u00e9er \u00e0 la variabilit\u00e9, au caract\u00e8re intermittent des centrales \u00e9oliennes et solaires install\u00e9es chez nos voisins limitrophes.<\/p>\n<p>Ce r\u00f4le de \u00ab\u00a0grande batterie du nord-est\u00a0\u00bb, de police d\u2019assurance en quelque sorte, est un atout majeur pour faciliter une progression encore plus rapide des \u00e9nergies renouvelables. Mme\u00a0Brochu en est bien consciente.<\/p>\n<p>C\u2019est un message appropri\u00e9 pour l\u2019urgence climatique, mais qui ne sera pas n\u00e9cessairement si facile \u00e0\u00a0vendre dans le nouveau contexte actuel.<\/p>\n<p>Tout le talent de Mme\u00a0Brochu et de sa future \u00e9quipe sera n\u00e9cessaire pour faire avancer la position d\u2019Hydro-Qu\u00e9bec dans ce march\u00e9 n\u00e9vralgique. Il en va de sa rentabilit\u00e9 et, en partie, de la sant\u00e9 des finances publiques du Qu\u00e9bec qui, on le sait, sont soumises pr\u00e9sentement \u00e0 de tr\u00e8s fortes turbulences.<\/p>\n<p>&nbsp;<\/p>\n<p class=\"paragraph textModule textModule--type-paragraph\">\n<p class=\"paragraph textModule textModule--type-paragraph\">\n<\/div>\n","protected":false},"excerpt":{"rendered":"<p>La Presse, 3 avril 2020 YVAN CLICHE\u00a0 RETRAIT\u00c9 D\u2019HYDRO-QU\u00c9BEC (2019), MAINTENANT FELLOW AU CERIUM. C\u2019est en pleine crise de sant\u00e9 publique et \u00e9conomique que Sophie Brochu, ex-PDG d\u2019\u00c9nergir, est nomm\u00e9e \u00e0 la t\u00eate d\u2019Hydro-Qu\u00e9bec, premi\u00e8re femme donc \u00e0 occuper cette redoutable fonction depuis la cr\u00e9ation de l\u2019entreprise en 1944 (en excluant un court int\u00e9rim de [&hellip;]<\/p>\n","protected":false},"author":1,"featured_media":0,"comment_status":"closed","ping_status":"open","sticky":false,"template":"","format":"standard","meta":{"footnotes":""},"categories":[1],"tags":[480],"class_list":["post-2541","post","type-post","status-publish","format-standard","hentry","category-opinions","tag-hydro-quebec"],"_links":{"self":[{"href":"https:\/\/www.yvancliche.org\/index.php?rest_route=\/wp\/v2\/posts\/2541","targetHints":{"allow":["GET"]}}],"collection":[{"href":"https:\/\/www.yvancliche.org\/index.php?rest_route=\/wp\/v2\/posts"}],"about":[{"href":"https:\/\/www.yvancliche.org\/index.php?rest_route=\/wp\/v2\/types\/post"}],"author":[{"embeddable":true,"href":"https:\/\/www.yvancliche.org\/index.php?rest_route=\/wp\/v2\/users\/1"}],"replies":[{"embeddable":true,"href":"https:\/\/www.yvancliche.org\/index.php?rest_route=%2Fwp%2Fv2%2Fcomments&post=2541"}],"version-history":[{"count":5,"href":"https:\/\/www.yvancliche.org\/index.php?rest_route=\/wp\/v2\/posts\/2541\/revisions"}],"predecessor-version":[{"id":2546,"href":"https:\/\/www.yvancliche.org\/index.php?rest_route=\/wp\/v2\/posts\/2541\/revisions\/2546"}],"wp:attachment":[{"href":"https:\/\/www.yvancliche.org\/index.php?rest_route=%2Fwp%2Fv2%2Fmedia&parent=2541"}],"wp:term":[{"taxonomy":"category","embeddable":true,"href":"https:\/\/www.yvancliche.org\/index.php?rest_route=%2Fwp%2Fv2%2Fcategories&post=2541"},{"taxonomy":"post_tag","embeddable":true,"href":"https:\/\/www.yvancliche.org\/index.php?rest_route=%2Fwp%2Fv2%2Ftags&post=2541"}],"curies":[{"name":"wp","href":"https:\/\/api.w.org\/{rel}","templated":true}]}}