{"id":2602,"date":"2020-09-28T11:54:31","date_gmt":"2020-09-28T15:54:31","guid":{"rendered":"http:\/\/www.yvancliche.org\/?p=2602"},"modified":"2020-09-28T11:54:31","modified_gmt":"2020-09-28T15:54:31","slug":"pannes-en-californie-un-argument-de-plus-pour-les-exportations-dhydroelectricite","status":"publish","type":"post","link":"https:\/\/www.yvancliche.org\/?p=2602","title":{"rendered":"Pannes en Californie-Un argument de plus pour les exportations d\u2019hydro\u00e9lectricit\u00e9"},"content":{"rendered":"<p><a href=\"https:\/\/www.lapresse.ca\/debats\/opinions\/2020-09-28\/pannes-en-californie\/un-argument-de-plus-pour-les-exportations-d-hydroelectricite.php\">La Presse<\/a>, 28 septembre 2020<\/p>\n<p>YVAN CLICHE<br \/>\nFELLOW, CENTRE D\u2019\u00c9TUDES ET DE RECHERCHES INTERNATIONALES DE L\u2019UNIVERSIT\u00c9 DE MONTR\u00c9AL (C\u00c9RIUM)<\/p>\n<p>En plus des incendies de for\u00eat qui ont aliment\u00e9 la chronique durant tout l\u2019\u00e9t\u00e9, la Californie a aussi \u00e9t\u00e9 aux prises avec des pannes d\u2019\u00e9lectricit\u00e9 r\u00e9currentes, en raison des chaleurs excessives et de la forte demande en \u00e9lectricit\u00e9 suscit\u00e9e par les besoins en climatisation. Une situation de d\u00e9s\u00e9quilibre offre-demande qui aurait \u00e9t\u00e9 plus facile \u00e0 g\u00e9rer si la Californie avait \u00e9t\u00e9 plus \u00e9troitement li\u00e9e aux r\u00e9seaux \u00e9lectriques de son voisinage.<\/p>\n<p>Ces \u00e9v\u00e9nements fournissent un argument de plus pour Hydro-Qu\u00e9bec dans l\u2019opposition men\u00e9e par certains dans le cadre de son contrat au Massachusetts : une meilleure int\u00e9gration des r\u00e9seaux \u00e9lectriques des \u00c9tats et territoires, chacun op\u00e9rant encore trop en silo, renforce la fiabilit\u00e9 d\u2019alimentation au plus grand b\u00e9n\u00e9fice des clients desservis.<\/p>\n<p><strong>Mieux int\u00e9grer les r\u00e9seaux d\u2019\u00e9lectricit\u00e9<\/strong><br \/>\nRappelons qu\u2019Hydro est en processus d\u2019approbation pour la construction d\u2019une ligne de transport reliant le Qu\u00e9bec et le Massachusetts via le Maine pour la livraison de plus de 9,45 t\u00e9rawattheures d\u2019\u00e9lectricit\u00e9 du Qu\u00e9bec \u00e0 partir de 2022 pour une p\u00e9riode de 20 ans (projet New England Clean Energy Connect).<\/p>\n<p>La soci\u00e9t\u00e9 d\u2019\u00c9tat, fortement touch\u00e9e par la pand\u00e9mie en raison de la perte de revenus (dans son cas, du c\u00f4t\u00e9 commercial et industriel), mise en partie sur ses march\u00e9s d\u2019exportation pour renflouer son bilan financier.<\/p>\n<p>Comme une partie des profits d\u2019Hydro-Qu\u00e9bec est vers\u00e9e chaque ann\u00e9e dans les coffres du gouvernement du Qu\u00e9bec via un dividende, le contrat du Massachusetts, avec des revenus estim\u00e9s \u00e0 10 milliards, vient \u00e0 point nomm\u00e9 pour amoindrir ces pertes financi\u00e8res.<\/p>\n<p>Gr\u00e2ce \u00e0 ce contrat, l\u2019hydro\u00e9lectricit\u00e9 qu\u00e9b\u00e9coise permettra une meilleure fiabilit\u00e9 d\u2019approvisionnement pour le Massachusetts : l\u2019entente pr\u00e9voit en effet que cet \u00c9tat disposera de livraisons hivernales garanties de plus de 1000 MW, \u00e0 toute heure, en remplacement d\u2019une \u00e9nergie plus polluante (gaz\/mazout).<\/p>\n<p>Contrairement au soleil et au vent, qui peuvent produire de l\u2019\u00e9lectricit\u00e9 uniquement lorsque ces ressources sont disponibles, l\u2019hydro\u00e9lectricit\u00e9 qu\u00e9b\u00e9coise, en raison de ses vastes r\u00e9servoirs, peut \u00eatre mise en route rapidement, et en continu.<\/p>\n<p>Mais ce n\u2019est pas tout : le maillage des r\u00e9seaux \u00e9lectriques est aussi une solution \u00e0 la crise climatique. Pour favoriser la p\u00e9n\u00e9tration des \u00e9nergies renouvelables, l\u2019int\u00e9gration accrue des r\u00e9seaux \u00e9lectriques est devenue une n\u00e9cessit\u00e9.<\/p>\n<p>Il faut en effet multiplier les possibilit\u00e9s que les ressources renouvelables disponibles sur un territoire soient partag\u00e9es aupr\u00e8s d\u2019un plus vaste bassin de consommateurs.<\/p>\n<p>Une \u00e9tude r\u00e9cente de la Chaire de gestion du secteur de l\u2019\u00e9nergie de HEC Montr\u00e9al* le confirme : elle d\u00e9montre combien une int\u00e9gration plus \u00e9troite, en mati\u00e8re de planification et de coordination, des r\u00e9seaux \u00e9lectriques dans un plus vaste ensemble r\u00e9gional transfrontalier est la voie \u00e0 suivre si on veut faciliter la d\u00e9carbonation des r\u00e9seaux \u00e9lectriques, chacun tirant profit de la disponibilit\u00e9 des \u00e9nergies propres des autres.<\/p>\n<p>\u00c0 preuve, dans le cadre de ce contrat, l\u2019ajout de ce lien entre le Qu\u00e9bec et l\u2019\u00c9tat du Massachusetts gr\u00e2ce \u00e0 une nouvelle ligne de transport permettrait d\u2019\u00e9viter l\u2019\u00e9quivalent des \u00e9missions de CO2 de quelque 700 000 v\u00e9hicules \u00e0 essence.<\/p>\n<p><strong>Une opposition locale bien organis\u00e9e<\/strong><br \/>\nMalgr\u00e9 cela, Hydro-Qu\u00e9bec fait face dans ce dossier au m\u00eame enjeu qui affecte tous les promoteurs de projets \u00ab en ligne droite \u00bb, comme les lignes de transport d\u2019\u00e9lectricit\u00e9 : un refus d\u2019instinct d\u2019une partie de la population, pr\u00e9occup\u00e9e de conserver une nature \u00ab vierge \u00bb, pr\u00e9serv\u00e9e de toute intervention humaine.<\/p>\n<p>Hydro doit aussi affronter le lobby bien organis\u00e9 de l\u2019industrie du gaz, alli\u00e9e \u00e0 certains groupes environnementaux.<\/p>\n<p>Cette opposition porte, comme dans ses projets d\u2019exportation ant\u00e9rieurs, sur ses liens avec la communaut\u00e9 autochtone ; la question du mercure dans les r\u00e9servoirs ; la s\u00e9curit\u00e9 d\u2019approvisionnement.<\/p>\n<p>Mais, bien objectivement, l\u2019offre d\u2019Hydro est attrayante pour tout le monde, sur le plan \u00e9conomique et environnemental : grande disponibilit\u00e9 et caract\u00e8re propre et renouvelable de la ressource au Qu\u00e9bec ; bas prix de cette \u00e9nergie ; et maillage accru des r\u00e9seaux \u00e9lectriques du nord-est du continent nord-am\u00e9ricain, permettant le remplacement d\u2019\u00e9nergies fossiles en faveur d\u2019\u00e9nergies renouvelables.<\/p>\n<p>* Lisez l\u2019<a href=\"https:\/\/energie.hec.ca\/npcc-2\/\">\u00e9tude<\/a> de la Chaire de gestion du secteur de l\u2019\u00e9nergie HEC Montr\u00e9al (en anglais)<\/p>\n","protected":false},"excerpt":{"rendered":"<p>La Presse, 28 septembre 2020 YVAN CLICHE FELLOW, CENTRE D\u2019\u00c9TUDES ET DE RECHERCHES INTERNATIONALES DE L\u2019UNIVERSIT\u00c9 DE MONTR\u00c9AL (C\u00c9RIUM) En plus des incendies de for\u00eat qui ont aliment\u00e9 la chronique durant tout l\u2019\u00e9t\u00e9, la Californie a aussi \u00e9t\u00e9 aux prises avec des pannes d\u2019\u00e9lectricit\u00e9 r\u00e9currentes, en raison des chaleurs excessives et de la forte demande [&hellip;]<\/p>\n","protected":false},"author":1,"featured_media":0,"comment_status":"closed","ping_status":"open","sticky":false,"template":"","format":"standard","meta":{"footnotes":""},"categories":[1],"tags":[480],"class_list":["post-2602","post","type-post","status-publish","format-standard","hentry","category-opinions","tag-hydro-quebec"],"_links":{"self":[{"href":"https:\/\/www.yvancliche.org\/index.php?rest_route=\/wp\/v2\/posts\/2602","targetHints":{"allow":["GET"]}}],"collection":[{"href":"https:\/\/www.yvancliche.org\/index.php?rest_route=\/wp\/v2\/posts"}],"about":[{"href":"https:\/\/www.yvancliche.org\/index.php?rest_route=\/wp\/v2\/types\/post"}],"author":[{"embeddable":true,"href":"https:\/\/www.yvancliche.org\/index.php?rest_route=\/wp\/v2\/users\/1"}],"replies":[{"embeddable":true,"href":"https:\/\/www.yvancliche.org\/index.php?rest_route=%2Fwp%2Fv2%2Fcomments&post=2602"}],"version-history":[{"count":1,"href":"https:\/\/www.yvancliche.org\/index.php?rest_route=\/wp\/v2\/posts\/2602\/revisions"}],"predecessor-version":[{"id":2603,"href":"https:\/\/www.yvancliche.org\/index.php?rest_route=\/wp\/v2\/posts\/2602\/revisions\/2603"}],"wp:attachment":[{"href":"https:\/\/www.yvancliche.org\/index.php?rest_route=%2Fwp%2Fv2%2Fmedia&parent=2602"}],"wp:term":[{"taxonomy":"category","embeddable":true,"href":"https:\/\/www.yvancliche.org\/index.php?rest_route=%2Fwp%2Fv2%2Fcategories&post=2602"},{"taxonomy":"post_tag","embeddable":true,"href":"https:\/\/www.yvancliche.org\/index.php?rest_route=%2Fwp%2Fv2%2Ftags&post=2602"}],"curies":[{"name":"wp","href":"https:\/\/api.w.org\/{rel}","templated":true}]}}