{"id":301,"date":"2004-03-15T11:43:54","date_gmt":"2004-03-15T16:43:54","guid":{"rendered":"http:\/\/www.yvancliche.org\/?p=301"},"modified":"2014-01-08T09:49:32","modified_gmt":"2014-01-08T14:49:32","slug":"conference-la-laicite-a-lepreuve-du-communautarisme","status":"publish","type":"post","link":"https:\/\/www.yvancliche.org\/?p=301","title":{"rendered":"La la\u00efcit\u00e9 \u00e0 l&rsquo;\u00e9preuve du communautarisme ?"},"content":{"rendered":"<p>Conf\u00e9rence, Librairie Olivieri, Montr\u00e9al, 15 mars 2004<\/p>\n<p>Mesdames et messieurs,<\/p>\n<p>Bonsoir et bienvenue \u00e0 cette conf\u00e9rence sur le th\u00e8me de la la\u00efcit\u00e9 \u00e0 l&rsquo;\u00e9preuve du communautarisme.<\/p>\n<p>Je m&rsquo;appelle Yvan Cliche, d\u00e9l\u00e9gu\u00e9 aux affaires internationales au sein d&rsquo;une entreprise et commentateur occasionnel sur les questions arabes et musulmanes pour des m\u00e9dias qu\u00e9b\u00e9cois. Je remercie mon ami Elias L\u00e9vy, journaliste et collaborateur \u00e0 La Presse de m&rsquo;avoir offert cette occasion d&rsquo;agir comme mod\u00e9rateur pour cette conf\u00e9rence.<\/p>\n<p>Je voudrais surtout saluer son initiative et celle de la Librairie Olivieri d&rsquo;avoir organiser cette conf\u00e9rence sur un th\u00e8me d&rsquo;une actualit\u00e9 br\u00fblante, notamment en Europe. Une Europe o\u00f9 l&rsquo;analyse et la r\u00e9action \u00e0 cette th\u00e9matique de la la\u00efcit\u00e9 apparaissent des plus extr\u00eames. Sursaut d&rsquo;obscurantisme pour les uns, manifestation normale de saine religiosit\u00e9 pour les autres, encadrement \u00e9tatique pour l&rsquo;un, laisser faire pour les autres.<\/p>\n<p>J&rsquo;\u00e9voque la pertinence de traiter de ce sujet, car si, comme on le sait, ce th\u00e8me est d&rsquo;actualit\u00e9 en France, notamment mais aussi en Allemagne et en Grande-Bretagne, ici au Qu\u00e9bec, ce d\u00e9bat ne semble pas encore vraiment ouvert.<\/p>\n<p>On a certes \u00e9voqu\u00e9 dans les m\u00e9dias le cas fran\u00e7ais, le rapport Stasi sur l&rsquo;application du principe de la la\u00efcit\u00e9 et l&rsquo;adoption par l&rsquo;Assembl\u00e9e nationale d&rsquo;une loi d\u00e9coulant de ses recommandations, il y a bien eu quelques lettres aux lecteurs publi\u00e9es dans nos quotidiens, mais on ne peut certes pas parler d&rsquo;un d\u00e9bat public large et organis\u00e9, encore moins d&rsquo;une position des autorit\u00e9s publiques. Les situations sont encore g\u00e9r\u00e9es au cas le cas : certains m\u00eame sugg\u00e8rent qu&rsquo;il en reste ainsi.<\/p>\n<p>Or, ce d\u00e9bat, qu&rsquo;on le veuille ou pas, on devra le faire, chez nous, ne serait-ce que parce que la population musulmane en notre sein est en forte croissance, notamment celle provenant du Maghreb. D\u00e9j\u00e0, des cas de port de voile se posent, ici et l\u00e0, \u00e0 l&rsquo;\u00e9cole, en milieu de travail, dans nos milieux de vie, voire entre amis.<\/p>\n<p>Le cas qu\u00e9b\u00e9cois est particuli\u00e8rement int\u00e9ressant \u00e0 suivre, car nous sommes, de par notre histoire et notre g\u00e9ographie, aux confluences des valeurs fran\u00e7aise et britannique.<\/p>\n<p>Nous apparaissons tiraill\u00e9s par une volont\u00e9, \u00e0 la fran\u00e7aise, de maintenir une la\u00efcit\u00e9 vive et active, r\u00e9affirmant clairement la s\u00e9paration du civil et du religieux, et une attitude am\u00e9ricano-britannique de respect absolu des diff\u00e9rences, sans interf\u00e9rence aucune de l&rsquo;\u00c9tat, per\u00e7u en ces mati\u00e8res comme une hydre n\u00e9cessairement malfaisant et \u00e0 tenir \u00e0 distance.<\/p>\n<p>Bref, pour discuter de ce beau sujet mais sensible, et qui est aussi un d\u00e9bat sur la modernit\u00e9, sur nos soci\u00e9t\u00e9s de demain, nous avons trois invit\u00e9s aux horizons fort vari\u00e9s, dont il sera passionnant d&rsquo;\u00e9couter la vision, la r\u00e9flexion.<\/p>\n<p>Avant de pr\u00e9senter et de passer aux conf\u00e9renciers, un mot sur le d\u00e9roulement de la soir\u00e9e : nos conf\u00e9renciers, dans l&rsquo;ordre M. Trigano, M. Weinstock et M. Dades, parleront environ 15 mn chacun, suivi d&rsquo;un d\u00e9bat entre eux d&rsquo;environ 10 mn. Nous passerons ensuite \u00e0 la p\u00e9riode de questions. Nous vous demandons de vous identifier, et de poser des questions courtes et claires, deux au maximum par participant. (J&rsquo;avertis tout de suite la personne qui est venue s&rsquo;\u00e9couter, comme c&rsquo;est toujours le cas dans ce type de d\u00e9bats, souvent au demeurant la premi\u00e8re personne qui prend le micro, que je ne lui donnerai pas l&rsquo;occasion de le faire, par respect pour les autres participants.)<\/p>\n<p>Shmuel Trigano est professeur de sociologie de la politique et de la religion \u00e0 l&rsquo;Universit\u00e9 de Paris X-Nanterre. II est directeur-fondateur du Coll\u00e8ge des \u00e9tudes juives de l&rsquo;Alliance Isra\u00e9lite Universelle, directeur de la revue europ\u00e9enne d&rsquo;\u00e9tude et de culture juives Pard\u00e8s, et auteur de nombreux ouvrages, notamment dans les domaines de la philosophie et de la pens\u00e9e politique, de l&rsquo;histoire et du juda\u00efsme. Il est aussi membre du Jerusalem Center for Public Affairs. Parmi ses r\u00e9cents ouvrages sur le ph\u00e9nom\u00e8ne antis\u00e9mite, il faut citer L&rsquo;\u00e9branlement d&rsquo;Isra\u00ebl, philosophie de l&rsquo;histoire juive (Paris, 2002), L&rsquo;e(xc)lu, entre Juifs et chr\u00e9tiens (Paris, 2003) et La d\u00e9mission de la R\u00e9publique, Juifs et Musulmans en France (Paris, 2003). Il a fond\u00e9 en 2001 L&rsquo;Observatoire du monde juif, un centre de recherche (http:\/\/obs.monde.juif.free.fr\/) dont l&rsquo;objectif est d&rsquo;analyser \u00e0 travers des publications l&rsquo;antis\u00e9mitisme contemporain.<\/p>\n<p>Shmuel Trigano prononcera demain, mardi 16 mars, \u00e0 20h, une conf\u00e9rence publique ayant pour th\u00e8me : \u00ab L&rsquo;\u00e9branlement d&rsquo;Isra\u00ebl: fin d&rsquo;un temps, d\u00e9but d&rsquo;une \u00e8re nouvelle ? \u00bb.<\/p>\n<p>Daniel Weinstock d\u00e9tient un Ph.D. en Philosophie de l&rsquo;Universit\u00e9 Oxford, 1991. Il est maintenant professeur titulaire, au d\u00e9partement de philosophie de l&rsquo;Universit\u00e9 de Montr\u00e9al. Il est \u00e9galement titulaire de la Chaire de recherche du Canada en \u00e9thique et philosophie politique de l&rsquo;Universit\u00e9 de Montr\u00e9al.<\/p>\n<p>Ses domaines d&rsquo;expertise sont la politique des langues et de l&rsquo;identit\u00e9, les \u00c9tat-Nations, le nationalisme, la d\u00e9mocratie, la citoyennet\u00e9 et le pluralisme. Parmi quelques recherches et publications r\u00e9centes, citons les chapitres \u00ab Citizenship and Pluralism \u00bb, dans R. L. Simon (dir.), Blackwell Guide to Social and Political Philosophy et \u00ab Le pluralisme axiologique en philosophie politique contemporaine \u00bb, dans Lukas K. Sosoe. (dir.) Diversit\u00e9 humaine : d\u00e9mocratie, multiculturalisme et citoyennet\u00e9, Qu\u00e9bec, Presses de l&rsquo;Universit\u00e9 Laval.<\/p>\n<p>Abdelghani Dades a entam\u00e9 sa carri\u00e8re journalistique en 1971. Depuis lors, il occup\u00e9 les fonctions les plus diverses (de pigiste \u00e0 r\u00e9dacteur en chef, en passant par le secr\u00e9tariat et le secr\u00e9tariat g\u00e9n\u00e9ral de r\u00e9daction) et pratiqu\u00e9 les genres les plus divers (reporter, interviewer, chroniqueur, \u00e9ditorialiste). Cette carri\u00e8re s&rsquo;est d\u00e9roul\u00e9 essentiellement dans son pays d&rsquo;origine, le Maroc, et lui a valu une notori\u00e9t\u00e9 qui ne se d\u00e9ment toujours pas, cinq ann\u00e9e apr\u00e8s son d\u00e9part pour le Qu\u00e9bec o\u00f9 il vit depuis 1999.<\/p>\n<p>Depuis son installation \u00e0 Montr\u00e9al en mai 1999, Abdelghani Dades a particip\u00e9 \u00e0 la cr\u00e9ation du Groupe Atlasmedias, a \u00e9t\u00e9 producteur de l&rsquo;\u00e9mission radio La Voix des Marocains \u00e0 Montr\u00e9al (sur CFMB 1280 am), \u00ab master \u00bb du site Web atlasmedias.com et \u00e9diteur du mensuel Atlas. Mtl. Il est \u00e9galement conseiller de la direction de l&rsquo;hebdomadaire L&rsquo;Avenir, o\u00f9 il signe r\u00e9guli\u00e8rement des chroniques traitant de faits socioculturels li\u00e9s \u00e0 l&rsquo;immigration et \u00e0 la situation des nouveaux arrivants. Il est \u00e9galement membre du groupe d&rsquo;action multiculturelle du r\u00e9seau TVA et a \u00e9t\u00e9 d\u00e9l\u00e9gu\u00e9 de Montr\u00e9al au \u00c9tats g\u00e9n\u00e9raux sur la r\u00e9forme des institutions d\u00e9mocratiques du Qu\u00e9bec.<\/p>\n","protected":false},"excerpt":{"rendered":"<p>Conf\u00e9rence, Librairie Olivieri, Montr\u00e9al, 15 mars 2004 Mesdames et messieurs, Bonsoir et bienvenue \u00e0 cette conf\u00e9rence sur le th\u00e8me de la la\u00efcit\u00e9 \u00e0 l&rsquo;\u00e9preuve du communautarisme. Je m&rsquo;appelle Yvan Cliche, d\u00e9l\u00e9gu\u00e9 aux affaires internationales au sein d&rsquo;une entreprise et commentateur occasionnel sur les questions arabes et musulmanes pour des m\u00e9dias qu\u00e9b\u00e9cois. Je remercie mon ami [&hellip;]<\/p>\n","protected":false},"author":1,"featured_media":0,"comment_status":"open","ping_status":"open","sticky":false,"template":"","format":"standard","meta":{"footnotes":""},"categories":[1],"tags":[187],"class_list":["post-301","post","type-post","status-publish","format-standard","hentry","category-opinions","tag-laicite"],"_links":{"self":[{"href":"https:\/\/www.yvancliche.org\/index.php?rest_route=\/wp\/v2\/posts\/301","targetHints":{"allow":["GET"]}}],"collection":[{"href":"https:\/\/www.yvancliche.org\/index.php?rest_route=\/wp\/v2\/posts"}],"about":[{"href":"https:\/\/www.yvancliche.org\/index.php?rest_route=\/wp\/v2\/types\/post"}],"author":[{"embeddable":true,"href":"https:\/\/www.yvancliche.org\/index.php?rest_route=\/wp\/v2\/users\/1"}],"replies":[{"embeddable":true,"href":"https:\/\/www.yvancliche.org\/index.php?rest_route=%2Fwp%2Fv2%2Fcomments&post=301"}],"version-history":[{"count":5,"href":"https:\/\/www.yvancliche.org\/index.php?rest_route=\/wp\/v2\/posts\/301\/revisions"}],"predecessor-version":[{"id":520,"href":"https:\/\/www.yvancliche.org\/index.php?rest_route=\/wp\/v2\/posts\/301\/revisions\/520"}],"wp:attachment":[{"href":"https:\/\/www.yvancliche.org\/index.php?rest_route=%2Fwp%2Fv2%2Fmedia&parent=301"}],"wp:term":[{"taxonomy":"category","embeddable":true,"href":"https:\/\/www.yvancliche.org\/index.php?rest_route=%2Fwp%2Fv2%2Fcategories&post=301"},{"taxonomy":"post_tag","embeddable":true,"href":"https:\/\/www.yvancliche.org\/index.php?rest_route=%2Fwp%2Fv2%2Ftags&post=301"}],"curies":[{"name":"wp","href":"https:\/\/api.w.org\/{rel}","templated":true}]}}