{"id":317,"date":"1986-03-10T12:07:51","date_gmt":"1986-03-10T17:07:51","guid":{"rendered":"http:\/\/www.yvancliche.org\/?p=317"},"modified":"2021-03-04T20:44:34","modified_gmt":"2021-03-05T01:44:34","slug":"le-lucien-brouillard-du-nationalisme-arabe","status":"publish","type":"post","link":"https:\/\/www.yvancliche.org\/?p=317","title":{"rendered":"Kadhafi : le Lucien Brouillard du nationalisme arabe"},"content":{"rendered":"<p>Le Continuum, 10 mars 1986<\/p>\n<p>DANS UNE de ses livraisons du mois de janvier, la revue britannique The Economist pr\u00e9sente en couverture le colonel Kadhafi comme le \u00ab parrain du diable \u00bb. Dans l&rsquo;article qu&rsquo;elle consacre aux \u00e9v\u00e9nements sanglants des a\u00e9roports de Vienne et de Rome, la revue s&rsquo;interroge, non pas sur la n\u00e9cessit\u00e9 pour le monde occidental de se d\u00e9barrasser du chef d&rsquo;\u00c9tat libyen, mais sur les moyens de le faire.<\/p>\n<p>Il n&rsquo;y a pas que le pr\u00e9sident Reagan qui consid\u00e8re Kadhafi comme un \u00ab barbare \u00bb et un \u00ab \u00e9cervel\u00e9 \u00bb. Le d\u00e9funt ra\u00efs \u00e9gyptien Sadate voyait dans le dirigeant libyen un \u00ab \u00eatre malade et poss\u00e9d\u00e9 du d\u00e9mon \u00bb. Les d\u00e9tracteurs de Kadhafi sont aussi nombreux en Occident que dans le monde arabe, surtout parmi les \u00c9tats arabes mod\u00e9r\u00e9s, m\u00eame si ces derniers ont \u00e9t\u00e9 contraints de se ranger derri\u00e8re le colonel en cas de riposte occidentale : solidarit\u00e9 arabo-islamique oblige.<\/p>\n<p>Le comportement du colonel s&rsquo;explique par le r\u00f4le qu&rsquo;il s&rsquo;attribue dans le monde arabe. Lorsqu&rsquo;il a pris le pouvoir en 1969, \u00e0 la suite d&rsquo;un coup d&rsquo;\u00c9tat renversant le roi Idriss, Kadhafi n&rsquo;avait que 27 ans et une id\u00e9ologie l&rsquo;obs\u00e9dait, celle du nationalisme arabe tel que personnifi\u00e9 par le pr\u00e9sident \u00e9gyptien Gamal Abdel Nasser.<\/p>\n<p>\u00c0 cette \u00e9poque, l&rsquo;\u00c9gypte venait de subir une \u00e9crasante d\u00e9faite contre Isra\u00ebl, ce qui n&#8217;emp\u00eachait pas le dirigeant libyen de garder toute son admiration pour Nasser qu&rsquo;il consid\u00e9rait comme un guide exemplaire.<\/p>\n<p>\u00c0 la mort du chef d&rsquo;\u00c9tat \u00e9gyptien en 1970, Kadhafi entendant poursuivre le combat qui visait \u00e0 promouvoir l&rsquo;unit\u00e9 de la nation arabe, se proclamait l&rsquo;h\u00e9ritier de Nasser. Selon lui, les mandats que se sont attribu\u00e9s les Europ\u00e9ens en Afrique du Nord et au Moyen Orient ont divis\u00e9 et humili\u00e9 les Arabes.<\/p>\n<p>La cr\u00e9ation de l&rsquo;\u00c9tat d&rsquo;Isra\u00ebl repr\u00e9sente, pour le colonel, le symbole le plus puissant du colonialisme occidental dans cette partie du monde. Tout ce qui peut contribuer \u00e0 la suppression de cette \u00ab plaie historique \u00bb doit \u00eatre soutenu afin de permettre le retour des Palestiniens sur leur terre d&rsquo;origine.<\/p>\n<p>\u00c0 l&rsquo;aide des revenus substantiels provenant de l&rsquo;exploitation des ressources p\u00e9troli\u00e8res qu&rsquo;il se fait fort, en raison de la faiblesse num\u00e9rique de la population libyenne (3 millions d&rsquo;habitants), de mettre au service de sa politique \u00e9trang\u00e8re, le colonel Kadhafi d\u00e9ploie toutes ses \u00e9nergies \u00e0 contribuer \u00e0 l&rsquo;isolement d&rsquo;Isra\u00ebl.<\/p>\n<p>Tel un Lucien Brouillard de la cause arabe, il n&rsquo;aura de cesse de d\u00e9noncer et d&#8217;embarrasser ceux qui, selon lui, trahissent cet objectif final. Autant dans le monde arabe qu&rsquo;en Occident, Kadhafi donnera son appui \u00e0 tous les mouvements, terroristes ou non, qui peuvent d\u00e9stabiliser les gouvernements complices de la division actuelle du monde arabe et musulman. De cette fa\u00e7on, le dirigeant libyen veut d\u00e9montrer que, sous son leadership, la r\u00e9volution arabe est dor\u00e9navant pass\u00e9e \u00e0 l&rsquo;attaque.<\/p>\n<p>Ironiquement, en n&rsquo;h\u00e9sitant pas \u00e0 faire usage de la violence et du terrorisme \u00e0 l&rsquo;encontre de tous ses ennemis, non seulement occidentaux mais libyens et arabes, le colonel Kadhafi s&rsquo;est consacr\u00e9 lui-m\u00eame agent de la division de la \u00ab nation \u00bb qu&rsquo;il pr\u00e9tend unir. Ses d\u00e9m\u00eal\u00e9s avec l&rsquo;\u00c9gypte, le Soudan, la Tunisie, l&rsquo;Alg\u00e9rie, ses aventures au Tchad et son soutien aux groupes dissidents de l&rsquo;OLP de Yasser Arafat lui ont mis \u00e0 dos nombre de dirigeants du monde arabe.<\/p>\n<p>Toutes ses tentatives d&rsquo;union politique ont avort\u00e9, consacrant l&rsquo;\u00e9chec de sa diplomatie r\u00e9gionale.<\/p>\n<p>Kadhafi, certes, se pr\u00e9tend un visionnaire, comme en fait foi son Livre vert, sa \u00ab bible \u00bb politique, qu&rsquo;il consid\u00e8re comme la troisi\u00e8me voie universelle apr\u00e8s le capitalisme et le communisme. Dans la troisi\u00e8me partie de ce livre, Kadhafi \u00e9crit que les \u00ab h\u00e9ros de l&rsquo;Histoire sont des personnes qui font des sacrifices pour des causes d&rsquo;une haute signification. \u00bb<\/p>\n<p>Nul doute que le colonel Kadhafi esp\u00e8re que les historiens feront grand cas de ses efforts pour le recouvrement, par les Arabes, d&rsquo;une dignit\u00e9 \u00e9prouv\u00e9e.<\/p>\n","protected":false},"excerpt":{"rendered":"<p>Le Continuum, 10 mars 1986 DANS UNE de ses livraisons du mois de janvier, la revue britannique The Economist pr\u00e9sente en couverture le colonel Kadhafi comme le \u00ab parrain du diable \u00bb. Dans l&rsquo;article qu&rsquo;elle consacre aux \u00e9v\u00e9nements sanglants des a\u00e9roports de Vienne et de Rome, la revue s&rsquo;interroge, non pas sur la n\u00e9cessit\u00e9 pour [&hellip;]<\/p>\n","protected":false},"author":1,"featured_media":0,"comment_status":"closed","ping_status":"closed","sticky":false,"template":"","format":"standard","meta":{"footnotes":""},"categories":[1],"tags":[156,157,158],"class_list":["post-317","post","type-post","status-publish","format-standard","hentry","category-opinions","tag-kadhafi","tag-libye","tag-nationalisme-arabe"],"_links":{"self":[{"href":"https:\/\/www.yvancliche.org\/index.php?rest_route=\/wp\/v2\/posts\/317","targetHints":{"allow":["GET"]}}],"collection":[{"href":"https:\/\/www.yvancliche.org\/index.php?rest_route=\/wp\/v2\/posts"}],"about":[{"href":"https:\/\/www.yvancliche.org\/index.php?rest_route=\/wp\/v2\/types\/post"}],"author":[{"embeddable":true,"href":"https:\/\/www.yvancliche.org\/index.php?rest_route=\/wp\/v2\/users\/1"}],"replies":[{"embeddable":true,"href":"https:\/\/www.yvancliche.org\/index.php?rest_route=%2Fwp%2Fv2%2Fcomments&post=317"}],"version-history":[{"count":6,"href":"https:\/\/www.yvancliche.org\/index.php?rest_route=\/wp\/v2\/posts\/317\/revisions"}],"predecessor-version":[{"id":2778,"href":"https:\/\/www.yvancliche.org\/index.php?rest_route=\/wp\/v2\/posts\/317\/revisions\/2778"}],"wp:attachment":[{"href":"https:\/\/www.yvancliche.org\/index.php?rest_route=%2Fwp%2Fv2%2Fmedia&parent=317"}],"wp:term":[{"taxonomy":"category","embeddable":true,"href":"https:\/\/www.yvancliche.org\/index.php?rest_route=%2Fwp%2Fv2%2Fcategories&post=317"},{"taxonomy":"post_tag","embeddable":true,"href":"https:\/\/www.yvancliche.org\/index.php?rest_route=%2Fwp%2Fv2%2Ftags&post=317"}],"curies":[{"name":"wp","href":"https:\/\/api.w.org\/{rel}","templated":true}]}}