{"id":333,"date":"2001-09-12T12:32:08","date_gmt":"2001-09-12T16:32:08","guid":{"rendered":"http:\/\/www.yvancliche.org\/?p=333"},"modified":"2021-02-21T14:26:28","modified_gmt":"2021-02-21T19:26:28","slug":"se-venger-par-la-mort","status":"publish","type":"post","link":"https:\/\/www.yvancliche.org\/?p=333","title":{"rendered":"Se venger par la mort"},"content":{"rendered":"<p>La Presse, 12 septembre 2001<br \/>\n<em>L&rsquo;auteur est politicologue et auteur de maints articles de presse sur l&rsquo;int\u00e9grisme islamique.<\/em><\/p>\n<p>APR\u00c8S LA consternation la plus totale jet\u00e9e hier sur toute l&rsquo;humanit\u00e9 par les attaques organis\u00e9es sur le World Trade Center de New York et le Pentagone \u00e0 Washington, se m\u00eale pour plusieurs d&rsquo;entre nous un sentiment d&rsquo;incompr\u00e9hension sur les motifs pouvant amener d&rsquo;autres personnes \u00e0 organiser de telles actions en emportant avec elles d&rsquo;innocentes victimes dans leur \u00ab cause \u00bb.<\/p>\n<p>Un num\u00e9ro r\u00e9cent du journal Le Monde (8 septembre 2001) apporte pourtant, c\u00f4t\u00e9 arabe, plusieurs \u00e9l\u00e9ments cl\u00e9s \u00e0 une compr\u00e9hension, bien s\u00fbr partielle, des motivations probables derri\u00e8re de tels gestes meurtriers. Et nombreux sont les sp\u00e9cialistes du conflit isra\u00e9lo-palestinien, dont plusieurs sont am\u00e9ricains, qui seront moins d\u00e9concert\u00e9s que les citoyens ordinaires, si la piste arabe est prouv\u00e9e, pour apporter un d\u00e9but d&rsquo;explication aux \u00e9v\u00e9nements d&rsquo;hier.<\/p>\n<p>La gangr\u00e8ne s&rsquo;est clairement empar\u00e9e de la situation au Moyen-Orient depuis le constat d&rsquo;\u00e9chec des accords d&rsquo;Oslo, derni\u00e8re tentative v\u00e9ritable pour \u00e9tablir une paix durable dans la r\u00e9gion. Avec l&rsquo;entr\u00e9e en sc\u00e8ne de l&rsquo;administration Bush cependant, la population palestinienne, d\u00e9j\u00e0 hautement frustr\u00e9e de ce qu&rsquo;elle per\u00e7oit \u00eatre l&rsquo;appui ind\u00e9fectible et inconditionnel des Am\u00e9ricains envers Isra\u00ebl, a fait sauter la marmite. \u00c0 preuve, le nombre d&rsquo;attentats kamikazes, suicides, s&rsquo;est multipli\u00e9, atteignant pas moins de 17 depuis \u00e0 peine un an. Des jeunes, d\u00e9sesp\u00e9r\u00e9s, sentant leur avenir bloqu\u00e9 sur tous les horizons, se proposent comme martyrs, avec la conviction entretenue par leurs pairs d&rsquo;entrer directement au paradis, dans la lign\u00e9e des autres victimes de l&rsquo;Intifada, le soul\u00e8vement populaire palestinien.<\/p>\n<p><strong>Isra\u00ebl<\/strong><br \/>\nPar ces gestes d&rsquo;autodestruction, c&rsquo;est Isra\u00ebl qui est bien s\u00fbr vis\u00e9, mais aussi, symboliquement, leur propre Palestine ch\u00e9rie et surpeupl\u00e9e, et dont les dirigeants se montrent incapables d&rsquo;offrir \u00e0 sa population une situation sociale tenable, une base d&rsquo;esp\u00e9rance. Dramatique paradoxe, les plus frustr\u00e9s d&rsquo;entre ces jeunes donnent un sens \u00e0 leur vie par la mort, la leur et celle de l&rsquo;ennemi.<\/p>\n<p>On s&rsquo;entend tous, aucune cause ne m\u00e9rite la mort d&rsquo;innocentes personnes, n&rsquo;ayant rien \u00e0 voir avec ce conflit, de pr\u00e8s ou de loin. Maintes cons\u00e9quences des \u00e9v\u00e9nements d&rsquo;hier sont \u00e0 pr\u00e9voir sur nos vies, sur des enjeux aussi vari\u00e9s que l&rsquo;\u00e9conomie, la s\u00e9curit\u00e9, l\u2019immigration, les relations interethniques.<br \/>\nFace \u00e0 cette malheureuse situation, que pouvons-nous faire, concr\u00e8tement, comme citoyens ? Une solution, palpable et positive accueillir plus de r\u00e9fugi\u00e9s de cette r\u00e9gion ; leur faire une place afin qu&rsquo;ils puissent se donner un avenir, chez nous, au Qu\u00e9bec, au Canada.<\/p>\n<p>Et inciter nos dirigeants \u00e0 s&rsquo;engager clairement pour une solution profonde et v\u00e9ritable de ce conflit vieux de plus de 50 ans, pour le bien des peuples concern\u00e9s et celui, on le constate cruellement aujourd&rsquo;hui, de l&rsquo;humanit\u00e9.<\/p>\n","protected":false},"excerpt":{"rendered":"<p>La Presse, 12 septembre 2001 L&rsquo;auteur est politicologue et auteur de maints articles de presse sur l&rsquo;int\u00e9grisme islamique. APR\u00c8S LA consternation la plus totale jet\u00e9e hier sur toute l&rsquo;humanit\u00e9 par les attaques organis\u00e9es sur le World Trade Center de New York et le Pentagone \u00e0 Washington, se m\u00eale pour plusieurs d&rsquo;entre nous un sentiment d&rsquo;incompr\u00e9hension [&hellip;]<\/p>\n","protected":false},"author":1,"featured_media":0,"comment_status":"closed","ping_status":"closed","sticky":false,"template":"","format":"standard","meta":{"footnotes":""},"categories":[1],"tags":[137,27],"class_list":["post-333","post","type-post","status-publish","format-standard","hentry","category-opinions","tag-11-septembre","tag-terrorisme"],"_links":{"self":[{"href":"https:\/\/www.yvancliche.org\/index.php?rest_route=\/wp\/v2\/posts\/333","targetHints":{"allow":["GET"]}}],"collection":[{"href":"https:\/\/www.yvancliche.org\/index.php?rest_route=\/wp\/v2\/posts"}],"about":[{"href":"https:\/\/www.yvancliche.org\/index.php?rest_route=\/wp\/v2\/types\/post"}],"author":[{"embeddable":true,"href":"https:\/\/www.yvancliche.org\/index.php?rest_route=\/wp\/v2\/users\/1"}],"replies":[{"embeddable":true,"href":"https:\/\/www.yvancliche.org\/index.php?rest_route=%2Fwp%2Fv2%2Fcomments&post=333"}],"version-history":[{"count":4,"href":"https:\/\/www.yvancliche.org\/index.php?rest_route=\/wp\/v2\/posts\/333\/revisions"}],"predecessor-version":[{"id":2691,"href":"https:\/\/www.yvancliche.org\/index.php?rest_route=\/wp\/v2\/posts\/333\/revisions\/2691"}],"wp:attachment":[{"href":"https:\/\/www.yvancliche.org\/index.php?rest_route=%2Fwp%2Fv2%2Fmedia&parent=333"}],"wp:term":[{"taxonomy":"category","embeddable":true,"href":"https:\/\/www.yvancliche.org\/index.php?rest_route=%2Fwp%2Fv2%2Fcategories&post=333"},{"taxonomy":"post_tag","embeddable":true,"href":"https:\/\/www.yvancliche.org\/index.php?rest_route=%2Fwp%2Fv2%2Ftags&post=333"}],"curies":[{"name":"wp","href":"https:\/\/api.w.org\/{rel}","templated":true}]}}