{"id":338,"date":"1984-12-24T12:43:06","date_gmt":"1984-12-24T17:43:06","guid":{"rendered":"http:\/\/www.yvancliche.org\/?p=338"},"modified":"2013-12-07T18:47:29","modified_gmt":"2013-12-07T23:47:29","slug":"les-chretiens-et-lislam","status":"publish","type":"post","link":"https:\/\/www.yvancliche.org\/?p=338","title":{"rendered":"Les chr\u00e9tiens et l\u2019islam"},"content":{"rendered":"<p>Le Devoir, 24 d\u00e9cembre 1984<\/p>\n<p>Michel Lelong, L\u2019\u00e9glise nous parle de l\u2019Islam du concile \u00e0 Jean-Paul II, Paris, \u00c9ditions du Chalet, 1984.<\/p>\n<p>Au cours de ses nombreux voyages \u00e0 travers le monde, le pape Jean-Paul II s&rsquo;est maintes fois arr\u00eat\u00e9 sur le probl\u00e8me \u00e9pineux des relations entre la chr\u00e9tient\u00e9 et l&rsquo;islam. <\/p>\n<p>Que ce soit en Afrique, en Asie et m\u00eame en Europe, le Saint-P\u00e8re, poursuivant en cela l\u2019enseignement h\u00e9rit\u00e9 du concile Vatican II, n&rsquo;a cess\u00e9 d&rsquo;appeler au dialogue ceux qui \u00ab par la foi en un Dieu unique, doivent collaborer pour la promotion de la dignit\u00e9 et du progr\u00e8s de la personne humaine \u00bb.<\/p>\n<p>Marqu\u00e9s du poids de 13 si\u00e8cles de tensions politiques et militaires et de d\u00e9bats doctrinaux, les rapports entre les \u00c9glises occidentales et l&rsquo;islam affrontent aujourd&rsquo;hui un contexte nouveau. <\/p>\n<p>\u00c0 l\u2019apolog\u00e9tique des si\u00e8cles derniers fait place maintenant, dans les milieux catholiques, \u00e0 une attitude plus conciliante envers les Croyants musulmans. \u00c0 preuve la cr\u00e9ation \u00e0 Rome, en 1964, d&rsquo;un secr\u00e9tariat pour les non-chr\u00e9tiens \u00bb et les nombreux colloques chapeaut\u00e9s par l&rsquo;\u00c9glise, sur les relations entre l&rsquo;\u00c9glise catholique et l\u2019Islam. <\/p>\n<p>Ayant v\u00e9cu de tr\u00e8s nombreuses ann\u00e9es dans le monde arabe plus particuli\u00e8rement au Maghreb, le p\u00e8re Michel Lelong a consacr\u00e9 sa vie au rapprochement entre les chr\u00e9tiens et les musulmans. Auteur de plusieurs livres et communications portant sur ce sujet, le p\u00e8re Lelong nous pr\u00e9sente, dans l\u2019\u00c9glise nous parle de l&rsquo;islam, les allocutions officielles de l&rsquo;\u00c9glise romaine sur les relations islamo-chr\u00e9tienne.<\/p>\n<p>Dor\u00e9navant convaincue que le monde ne sera un qu&rsquo;\u00e0 condition d&rsquo;\u00eatre pluriels, l&rsquo;\u00c9glise, tout en demeurant fid\u00e8le a sa tradition, exprime dans ces textes le profond respect qu&rsquo;elle voue envers la foi et les valeurs religieuses des musulmans.<\/p>\n<p>Tout en reconnaissant les diff\u00e9rences \u00e9normes qui les s\u00e9parent, les chr\u00e9tiens et les musulmans doivent dor\u00e9navant \u00ab d\u00e9velopper les lien spirituels qui les unissent, afin de prot\u00e9ger et promouvoir ensemble, pour tous les hommes [&#8230;] la justice sociale, les valeurs morales, la paix et la libert\u00e9. \u00bb De ce renouvellement des mentalit\u00e9s, nous dit l&rsquo;\u00c9glise, doit naitre l&rsquo;ouverture envers la foi musulmane. <\/p>\n<p>Cette ouverture convie les chr\u00e9tiens \u00e0 un dialogue qui ne doit pas viser au syncr\u00e9tisme spirituel, mais \u00e0 la compr\u00e9hension de l&rsquo;autre, de sa v\u00e9rit\u00e9 et de sa diversit\u00e9. Ce seul effort de coop\u00e9ration entre croyants de diff\u00e9rentes religions, nous rappelle le p\u00e8re Lelong en conclusion, est d\u00e9j\u00e0 un apport crucial \u00e0 la cause de la paix dans le monde.<\/p>\n","protected":false},"excerpt":{"rendered":"<p>Le Devoir, 24 d\u00e9cembre 1984 Michel Lelong, L\u2019\u00e9glise nous parle de l\u2019Islam du concile \u00e0 Jean-Paul II, Paris, \u00c9ditions du Chalet, 1984. Au cours de ses nombreux voyages \u00e0 travers le monde, le pape Jean-Paul II s&rsquo;est maintes fois arr\u00eat\u00e9 sur le probl\u00e8me \u00e9pineux des relations entre la chr\u00e9tient\u00e9 et l&rsquo;islam. Que ce soit en [&hellip;]<\/p>\n","protected":false},"author":1,"featured_media":0,"comment_status":"closed","ping_status":"closed","sticky":false,"template":"","format":"standard","meta":{"footnotes":""},"categories":[4],"tags":[167,164,165,166],"class_list":["post-338","post","type-post","status-publish","format-standard","hentry","category-critique_de_livres","tag-eglise-et-islam","tag-islam-et-christianisme","tag-maghreb","tag-michel-lelong"],"_links":{"self":[{"href":"https:\/\/www.yvancliche.org\/index.php?rest_route=\/wp\/v2\/posts\/338","targetHints":{"allow":["GET"]}}],"collection":[{"href":"https:\/\/www.yvancliche.org\/index.php?rest_route=\/wp\/v2\/posts"}],"about":[{"href":"https:\/\/www.yvancliche.org\/index.php?rest_route=\/wp\/v2\/types\/post"}],"author":[{"embeddable":true,"href":"https:\/\/www.yvancliche.org\/index.php?rest_route=\/wp\/v2\/users\/1"}],"replies":[{"embeddable":true,"href":"https:\/\/www.yvancliche.org\/index.php?rest_route=%2Fwp%2Fv2%2Fcomments&post=338"}],"version-history":[{"count":6,"href":"https:\/\/www.yvancliche.org\/index.php?rest_route=\/wp\/v2\/posts\/338\/revisions"}],"predecessor-version":[{"id":499,"href":"https:\/\/www.yvancliche.org\/index.php?rest_route=\/wp\/v2\/posts\/338\/revisions\/499"}],"wp:attachment":[{"href":"https:\/\/www.yvancliche.org\/index.php?rest_route=%2Fwp%2Fv2%2Fmedia&parent=338"}],"wp:term":[{"taxonomy":"category","embeddable":true,"href":"https:\/\/www.yvancliche.org\/index.php?rest_route=%2Fwp%2Fv2%2Fcategories&post=338"},{"taxonomy":"post_tag","embeddable":true,"href":"https:\/\/www.yvancliche.org\/index.php?rest_route=%2Fwp%2Fv2%2Ftags&post=338"}],"curies":[{"name":"wp","href":"https:\/\/api.w.org\/{rel}","templated":true}]}}