{"id":348,"date":"1988-03-29T13:01:40","date_gmt":"1988-03-29T18:01:40","guid":{"rendered":"http:\/\/www.yvancliche.org\/?p=348"},"modified":"2021-03-05T15:59:25","modified_gmt":"2021-03-05T20:59:25","slug":"les-arabes-de-montreal-sont-solidaire-de-la-lutte-palestienne","status":"publish","type":"post","link":"https:\/\/www.yvancliche.org\/?p=348","title":{"rendered":"Les Arabes de Montr\u00e9al sont solidaires de la lutte palestienne"},"content":{"rendered":"<p>Le Devoir, 29 mars 1988<\/p>\n<p>La communaut\u00e9 arabe de Montr\u00e9al se dit enti\u00e8rement solidaire du soul\u00e8vement actuel des Palestiniens des territoires occup\u00e9s. Certains de ses membres expriment leur fiert\u00e9 de voir la cause palestinienne reconnue par la communaut\u00e9 internationale. Ils per\u00e7oivent les \u00e9v\u00e9nements actuels comme un tournant de l\u2019histoire palestinienne.<\/p>\n<p>Les Arabes de Montr\u00e9al, qui sont plus de 50 000, voient dans le soul\u00e8vement des Palestiniens une cons\u00e9quence directe de l&rsquo;occupation des territoires de Cisjordanie et de Gaza par Isra\u00ebl depuis 1967.<\/p>\n<p>\u00abLes Palestiniens expriment l&rsquo;humiliation que la pr\u00e9sence militaire isra\u00e9lienne leur fait subir depuis 20 ans\u00bb, d\u00e9clare Issa J. Boullata, professeur de litt\u00e9rature arabe \u00e0 l&rsquo;Universit\u00e9 McGill. \u00ab Les Palestiniens ne veulent pas de la pr\u00e9sence isra\u00e9lienne sur leurs territoires. S&rsquo;ils ont attendu aussi longtemps pour se r\u00e9volter, c&rsquo;est qu&rsquo;ils ont pris conscience qu&rsquo;ils doivent plus que jamais prendre en main leur propre destin. Maintenant que l&rsquo;OLP a \u00e9t\u00e9 expuls\u00e9e hors du Liban et des pays voisins d&rsquo;Isra\u00ebl, et que les grandes puissances les oublient, ils constatent qu&rsquo;ils se retrouvent seuls pour poursuivre le combat \u00bb, ajoute M. Boullata, pr\u00e9sident du Centre d&rsquo;\u00e9tudes arabes pour le d\u00e9veloppement.<\/p>\n<p>Rachad Antonius retient surtout des \u00e9v\u00e9nements actuels en Palestine \u00ab l&rsquo;hypocrisie de certains intellectuels juifs de gauche \u00bb. \u00ab Beaucoup d&rsquo;intellectuels juifs se sont \u00e9mus de la violation des droits de la personne commise par les soldats isra\u00e9liens depuis trois mois. Or, depuis plusieurs ann\u00e9es, tous les journaux isra\u00e9liens rapportent \u00e0 chaque semaine des cas d&rsquo;expulsions et de tortures. Il est remarquable de constater que ces personnes ne soient pas intervenues plus t\u00f4t pour d\u00e9noncer les exactions isra\u00e9liennes \u00bb, dit-il.<\/p>\n<p>C&rsquo;est une opinion que partage Norma Salem, chercheure \u00e0 l&rsquo;Institut qu\u00e9b\u00e9cois de recherche sur la culture. \u00ab Depuis 20 ans, il y a eu beaucoup d&rsquo;actes de violence perp\u00e9tr\u00e9s contre les Palestiniens. Les punitions collectives, les d\u00e9portations, les destructions de maisons, l&rsquo;\u00e9touffement \u00e9conomique de la r\u00e9gion, tout cela existe depuis 1967. Maintenant, les Palestiniens en ont assez, surtout les jeunes qui malgr\u00e9 leur haut niveau d&rsquo;instruction, sentent leur avenir bloqu\u00e9. \u00bb<\/p>\n<p>Les Palestiniens sont cependant pr\u00eats \u00e0 reconna\u00eetre et vivre en paix avec l&rsquo;\u00c9tat d&rsquo;Isra\u00ebl \u00ab On a rarement vu des gens d\u00e9truire un \u00c9tat avec des pierres \u00bb, d\u00e9clare Edmond Omran, responsable de l&rsquo;Aide m\u00e9dicale pour la Palestine. \u00ab Ce que veulent ardemment les Palestiniens, c&rsquo;est de ne plus \u00eatre subordonn\u00e9s par la pr\u00e9sence militaire, par l&rsquo;occupation de leur terre. Leur objectif, c&rsquo;est de mettre les Isra\u00e9liens hors des territoires occup\u00e9s, et non pas de les jeter \u00e0 la mer \u00bb, dit-il.<\/p>\n<p>M\u00eame si Isra\u00ebl a d\u00e9truit la soci\u00e9t\u00e9 palestinienne, poursuit Rachad Antonius, les Palestiniens sont dispos\u00e9s \u00e0 n\u00e9gocier avec l&rsquo;\u00c9tat juif. \u00ab Depuis 1974, Yasser Arafat, chef de l&rsquo;OLP, a souvent dit, de fa\u00e7on non explicite mais claire, qu&rsquo;il est pr\u00eat \u00e0 reconnaltre Isra\u00ebl si Isra\u00ebl le reconna\u00eet d&rsquo;abord. Il faut \u00eatre de mauvaise foi pour pr\u00e9tendre que l&rsquo;OLP ne veut pas parler aux Isra\u00e9liens. La volont\u00e9 de n\u00e9gocier est l\u00e0. Cependant, on demande aux Palestiniens, qui n&rsquo;ont pas de puissance militaire, de jouer leur derni\u00e8re carte, c&rsquo;est-\u00e0-dire de reconna\u00eetre la l\u00e9gitimit\u00e9 de leur d\u00e9possession. Les Palestiniens n\u00e9gocieront quand ils verront qu&rsquo;il y a moyen d&rsquo;obtenir quelque chose d&rsquo;Isra\u00ebl \u00bb, souligne-t-il.<\/p>\n<p>L&rsquo;aspect le plus condamn\u00e9 et le plus comment\u00e9 est le refus des Isra\u00e9liens d&rsquo;accepter l&rsquo;OLP comme interlocuteur valable dans le conflit du Moyen-Orient \u00ab Il est illogique et insens\u00e9 de dire que l&rsquo;OLP n&rsquo;est pas le digne repr\u00e9sentant du peuple palestinien \u00bb, soutient Edmond Omran. Les Isra\u00e9liens invoquent souvent les dispositions de la Charte de l&rsquo;OLP, dont plusieurs articles parlent de lib\u00e9rer enti\u00e8rement la Palestine, pour expliquer leur refus de traiter avec l&rsquo;OLP. Selon Norma Salem, il ne s&rsquo;agit que d&rsquo;un pr\u00e9texte utilis\u00e9 par Isra\u00ebl pour ne pas n\u00e9gocier.<\/p>\n<p>Dire que l&rsquo;OLP n&rsquo;est qu&rsquo;une organisation terroriste est un argument fallacieux, affirme Issa J. Boullata.<br \/>\n\u00ab Les op\u00e9rations militaires ne constituent qu&rsquo;un aspect des activit\u00e9s de l&rsquo;OLP qui, comme tous les gouvernements du monde, g\u00e8re des d\u00e9partements culturels, \u00e9ducationnels, de sant\u00e9, etc. En n&rsquo;insistant que sur un seul aspect, Isra\u00ebl cache la v\u00e9rit\u00e9. L&rsquo;OLP dispose d&rsquo;une faction militaire, comme tous les \u00c9tats de la plan\u00e8te. Dit-on de tous les pays du monde qu&rsquo;ils sont terroristes ? \u00bb demande le professeur.<\/p>\n<p>Est-ce que la paix est un projet utopique au Moyen-Orient ? \u00ab La balle est du c\u00f4t\u00e9 d&rsquo;Isra\u00ebl \u00bb, r\u00e9pond Rachad Antonius. \u00ab Isra\u00ebl manifeste une volont\u00e9 syst\u00e9matique de d\u00e9possession du peuple palestinien. Cela doit arr\u00eater. Isra\u00ebl doit accepter l&rsquo;OLP et les institutions palestiniennes. Le rapport de force est en faveur d&rsquo;Isra\u00ebl, c&rsquo;est donc \u00e0 ce pays de faire les premiers pas. En dernier ressort, la solution passe par la reconnaissance mutuelle \u00bb, pr\u00e9cise-t-il.<\/p>\n<p>\u00ab Aujourd&rsquo;hui, les Palestiniens n&rsquo;accepteront rien de moins qu&rsquo;un \u00c9tat ind\u00e9pendant, insiste Edmond Omran.<br \/>\n\u00ab On ne parle pas de la Palestine historique, mais d&rsquo;un territoire d\u00e9limit\u00e9 appartenant aux seuls Palestiniens. La meilleure alternative, ce serait de rendre aux Palestiniens les territoires occup\u00e9s depuis 1967, cela inclut J\u00e9rusalem et la Cisjordanie-Gaza. La majorit\u00e9 des Palestiniens seraient contents de cette solution. \u00bb<\/p>\n<p>La premi\u00e8re \u00e9tape vers un r\u00e8glement pacifique est qu&rsquo;Isra\u00ebl cesse de vouloir choisir ses interlocuteurs, d&rsquo;apr\u00e8s Issa J. Boullata. \u00ab Isra\u00ebl cherche \u00e0 n\u00e9gocier avec des Palestiniens favorables \u00e0 ses plans strat\u00e9giques. Les ennemis v\u00e9ritables, Isra\u00ebl et l&rsquo;OLP, doivent s&rsquo;asseoir ensemble, mais avec des t\u00e9moins pour repr\u00e9senter la communaut\u00e9 internationale et s&rsquo;assurer du respect des \u00e9ventuels accords \u00bb, mentionne-t-il.<\/p>\n<p>L&rsquo;histoire prouve que les peuples ont longue m\u00e9moire, rappelle Norma Salem. \u00ab Les Juifs en sont eux-m\u00eames un bon exemple. Ils devraient \u00eatre les premiers \u00e0 savoir qu&rsquo;ils ne pourront jamais an\u00e9antir la volont\u00e9 des Palestiniens de vivre en communaut\u00e9 sur leur terre historique \u00bb.<\/p>\n","protected":false},"excerpt":{"rendered":"<p>Le Devoir, 29 mars 1988 La communaut\u00e9 arabe de Montr\u00e9al se dit enti\u00e8rement solidaire du soul\u00e8vement actuel des Palestiniens des territoires occup\u00e9s. Certains de ses membres expriment leur fiert\u00e9 de voir la cause palestinienne reconnue par la communaut\u00e9 internationale. Ils per\u00e7oivent les \u00e9v\u00e9nements actuels comme un tournant de l\u2019histoire palestinienne. Les Arabes de Montr\u00e9al, qui [&hellip;]<\/p>\n","protected":false},"author":1,"featured_media":0,"comment_status":"closed","ping_status":"closed","sticky":false,"template":"","format":"standard","meta":{"footnotes":""},"categories":[387],"tags":[139,138],"class_list":["post-348","post","type-post","status-publish","format-standard","hentry","category-articles","tag-arabes-de-montreal","tag-lutte-palestinienne"],"_links":{"self":[{"href":"https:\/\/www.yvancliche.org\/index.php?rest_route=\/wp\/v2\/posts\/348","targetHints":{"allow":["GET"]}}],"collection":[{"href":"https:\/\/www.yvancliche.org\/index.php?rest_route=\/wp\/v2\/posts"}],"about":[{"href":"https:\/\/www.yvancliche.org\/index.php?rest_route=\/wp\/v2\/types\/post"}],"author":[{"embeddable":true,"href":"https:\/\/www.yvancliche.org\/index.php?rest_route=\/wp\/v2\/users\/1"}],"replies":[{"embeddable":true,"href":"https:\/\/www.yvancliche.org\/index.php?rest_route=%2Fwp%2Fv2%2Fcomments&post=348"}],"version-history":[{"count":12,"href":"https:\/\/www.yvancliche.org\/index.php?rest_route=\/wp\/v2\/posts\/348\/revisions"}],"predecessor-version":[{"id":2816,"href":"https:\/\/www.yvancliche.org\/index.php?rest_route=\/wp\/v2\/posts\/348\/revisions\/2816"}],"wp:attachment":[{"href":"https:\/\/www.yvancliche.org\/index.php?rest_route=%2Fwp%2Fv2%2Fmedia&parent=348"}],"wp:term":[{"taxonomy":"category","embeddable":true,"href":"https:\/\/www.yvancliche.org\/index.php?rest_route=%2Fwp%2Fv2%2Fcategories&post=348"},{"taxonomy":"post_tag","embeddable":true,"href":"https:\/\/www.yvancliche.org\/index.php?rest_route=%2Fwp%2Fv2%2Ftags&post=348"}],"curies":[{"name":"wp","href":"https:\/\/api.w.org\/{rel}","templated":true}]}}