{"id":352,"date":"1987-11-14T13:07:06","date_gmt":"1987-11-14T18:07:06","guid":{"rendered":"http:\/\/www.yvancliche.org\/?p=352"},"modified":"2021-03-04T12:15:59","modified_gmt":"2021-03-04T17:15:59","slug":"les-canons-mobilisateurs-de-lislam","status":"publish","type":"post","link":"https:\/\/www.yvancliche.org\/?p=352","title":{"rendered":"Les canons mobilisateurs de l&rsquo;islam"},"content":{"rendered":"<p>Le Devoir, 14 novembre 1987<\/p>\n<p>Bruno \u00c9tienne, L&rsquo;islamisme radical, Paris, Hachette, 1987.<\/p>\n<p>IL N&rsquo;Y &lsquo;A peut-\u00eatre pas d&rsquo;endroit au monde o\u00f9 le changement est venu s&rsquo;imposer aussi rapidement, o\u00f9 la place de la religion peut faire basculer tout gouvernement. Le monde arabe, autrefois captif des id\u00e9es occidentales, vibre de nouveau sous les canons mobilisateurs de l&rsquo;islam.<\/p>\n<p>Depuis le d\u00e9but des ann\u00e9es 70, nombreux ont \u00e9t\u00e9 les journalistes et acad\u00e9miciens \u00e0 tenter d&rsquo;apporter une explication \u00e0 l&rsquo;un des faits dominants des deux derni\u00e8res d\u00e9cennies dans le monde musulman : le fondamentalisme, mieux connu sous l&rsquo;appellation d&rsquo;islamisme. Quelques-unes de ces tentatives ont \u00e9t\u00e9 d\u00e9cevantes, certaines assez satisfaisantes, enfin d&rsquo;autres fort concluantes.<\/p>\n<p>Le livre de Bruno \u00c9tienne, \u00ab L\u2019islamisme radical \u00bb appartient \u00e0 cette derni\u00e8re cat\u00e9gorie. Malgr\u00e9 un langage un peu herm\u00e9tique (l&#8217;emploi de formules telles \u00abl\u2019anxiog\u00e9n\u00e9it\u00e9 occidentale\u00bb le \u00ab prurit national \u00bb, etc.), \u00c9tienne nous fait profiter de sa grande connaissance, voire de son intimit\u00e9 du monde arabe.<\/p>\n<p>Plus qu&rsquo;une analyse professorale, l&rsquo;auteur nous livre une exp\u00e9rience de l&rsquo;islamisme qu&rsquo;il a pu observer gr\u00e2ce \u00e0 ses s\u00e9jours prolong\u00e9s dans diverses contr\u00e9es arabes. On se prend ainsi \u00e0 souligner plusieurs passages de son livre, car ils t\u00e9moignent d&rsquo;une recherche approfondie de la ferveur islamiste actuelle.<\/p>\n<p>L&rsquo;islamisme est essentiellement une r\u00e9ponse \u00e0 la modernit\u00e9. Une modernit\u00e9 anarchique, impos\u00e9e de l&rsquo;ext\u00e9rieur, \u00ab allog\u00e8ne \u00bb, mentionne l&rsquo;auteur, aliment\u00e9e par les d\u00e9sillusions qu&rsquo;a fait na\u00eetre le discours du progr\u00e8s tenu par une classe politique occidentalis\u00e9e qui n&rsquo;a pas su respecter ses engagements \u00e0 l&rsquo;\u00e9gard des citoyens, avides de profiter des bienfaits du d\u00e9veloppement.<\/p>\n<p>Apr\u00e8s la d\u00e9faite catastrophique de 1967 des arm\u00e9es arabes devant Isra\u00ebl, l&rsquo;islamisme a pu prendre une expansion fulgurante en canalisant les sentiments de d\u00e9racinement et de frustration de nombreux citoyens r\u00e9cemment urbanis\u00e9e choqu\u00e9s des, in\u00e9galit\u00e9s croissantes et par l\u2019introduction en terre d&rsquo;islam de ce qu&rsquo;ils consid\u00e8rent \u00eatre des id\u00e9ologies et des moeurs contraires \u00e0 la foi musulmane : \u00ab Il y a retournement de la modernit\u00e9 \u00bb (&#8230;) retraditionalisation par exc\u00e8s de modernit\u00e9. \u00bb<\/p>\n<p>L&rsquo;islamisme pr\u00e9sage-t-il la Renaissance du monde arabe, la Nahda tant annonc\u00e9e ? La r\u00e9ponse s\u2019av\u00e8re n\u00e9gative. L&rsquo;islamisme est, avant tout, un ph\u00e9nom\u00e8ne politique, et non th\u00e9ologique, comme certains aimeraient le croire. Il exprime la d\u00e9possession d&rsquo;une culture qui, comme le conclut l&rsquo;auteur, n&rsquo;a pu encore se forger un imaginaire mixte (euro-arabe) ayant int\u00e9gr\u00e9 la modernit\u00e9.<\/p>\n","protected":false},"excerpt":{"rendered":"<p>Le Devoir, 14 novembre 1987 Bruno \u00c9tienne, L&rsquo;islamisme radical, Paris, Hachette, 1987. IL N&rsquo;Y &lsquo;A peut-\u00eatre pas d&rsquo;endroit au monde o\u00f9 le changement est venu s&rsquo;imposer aussi rapidement, o\u00f9 la place de la religion peut faire basculer tout gouvernement. Le monde arabe, autrefois captif des id\u00e9es occidentales, vibre de nouveau sous les canons mobilisateurs de [&hellip;]<\/p>\n","protected":false},"author":1,"featured_media":0,"comment_status":"closed","ping_status":"closed","sticky":false,"template":"","format":"standard","meta":{"footnotes":""},"categories":[4],"tags":[169,135,168],"class_list":["post-352","post","type-post","status-publish","format-standard","hentry","category-critique_de_livres","tag-bruno-etienne","tag-islam-radical","tag-islamisme"],"_links":{"self":[{"href":"https:\/\/www.yvancliche.org\/index.php?rest_route=\/wp\/v2\/posts\/352","targetHints":{"allow":["GET"]}}],"collection":[{"href":"https:\/\/www.yvancliche.org\/index.php?rest_route=\/wp\/v2\/posts"}],"about":[{"href":"https:\/\/www.yvancliche.org\/index.php?rest_route=\/wp\/v2\/types\/post"}],"author":[{"embeddable":true,"href":"https:\/\/www.yvancliche.org\/index.php?rest_route=\/wp\/v2\/users\/1"}],"replies":[{"embeddable":true,"href":"https:\/\/www.yvancliche.org\/index.php?rest_route=%2Fwp%2Fv2%2Fcomments&post=352"}],"version-history":[{"count":7,"href":"https:\/\/www.yvancliche.org\/index.php?rest_route=\/wp\/v2\/posts\/352\/revisions"}],"predecessor-version":[{"id":2773,"href":"https:\/\/www.yvancliche.org\/index.php?rest_route=\/wp\/v2\/posts\/352\/revisions\/2773"}],"wp:attachment":[{"href":"https:\/\/www.yvancliche.org\/index.php?rest_route=%2Fwp%2Fv2%2Fmedia&parent=352"}],"wp:term":[{"taxonomy":"category","embeddable":true,"href":"https:\/\/www.yvancliche.org\/index.php?rest_route=%2Fwp%2Fv2%2Fcategories&post=352"},{"taxonomy":"post_tag","embeddable":true,"href":"https:\/\/www.yvancliche.org\/index.php?rest_route=%2Fwp%2Fv2%2Ftags&post=352"}],"curies":[{"name":"wp","href":"https:\/\/api.w.org\/{rel}","templated":true}]}}