{"id":366,"date":"1983-10-11T10:26:32","date_gmt":"1983-10-11T14:26:32","guid":{"rendered":"http:\/\/www.yvancliche.org\/?p=366"},"modified":"2021-03-02T09:42:33","modified_gmt":"2021-03-02T14:42:33","slug":"rapport-kahane-louable-mais-des-interrogations-demeurent","status":"publish","type":"post","link":"https:\/\/www.yvancliche.org\/?p=366","title":{"rendered":"Rapport Kahane : louable, mais des interrogations demeurent"},"content":{"rendered":"<p>Le Continuum, 11 octobre 1983<\/p>\n<p>Le rapport Kahane, ed. Le Sycomore, Paris, 1983.<\/p>\n<p>LES 16, 17 et 18 septembre 1982 survenait au Liban un \u00e9v\u00e9nement atroce, qui allait bouleverser et choquer l&rsquo;ensemble de la communaut\u00e9 internationale : il s&rsquo;agit du massacre de Sabra et de Chatila, camps palestiniens \u00e0 Beyrouth. Ce v\u00e9ritable massacre, perp\u00e9tr\u00e9 par les phalangistes (droite libanaise), s&rsquo;inscrivait dans la suite de la guerre qui avait ravag\u00e9 le Liban au coeur de l&rsquo;\u00e9t\u00e9 1982.<\/p>\n<p>Imm\u00e9diatement apr\u00e8s l&rsquo;annonce de ce douloureux \u00e9v\u00e9nement, une manifestation monstre a \u00e9t\u00e9 organis\u00e9e \u00e0 Tel-Aviv, en Isra\u00ebl, pour protester contre la n\u00e9gligence, voire la complicit\u00e9 de certains membres de l&rsquo;arm\u00e9e isra\u00e9lienne.<\/p>\n<p>Celle-ci, en, effet, avait la responsabilit\u00e9 de la protection des camps civils palestiniens. Comment, d\u00e8s lors, des milices chr\u00e9tiennes ont-elles pu p\u00e9n\u00e9trer dans les camps sans que des officiers isra\u00e9liens aient assur\u00e9 une certaine \u00ab collaboration \u00bb ?<\/p>\n<p>Pour r\u00e9pondre \u00e0 ces interrogations, et devant les \u00e9normes pressions populaires, le gouvernement isra\u00e9lien a cr\u00e9\u00e9, le 28 septembre 1982, une commission d&rsquo;enqu\u00eate, dite Commission Kahane, du nom du pr\u00e9sident de la commission Yitzhak Kahane, pr\u00e9sident de la Cour Supr\u00eame. Deux autres membres l&rsquo;assistaient, soit Aaron Barak, juge, et Yoha Efrat, g\u00e9n\u00e9ral de r\u00e9serve.<\/p>\n<p>Le rapport de la commission d&rsquo;enqu\u00eate, qui vient d&rsquo;\u00eatre r\u00e9cemment distribu\u00e9 en fran\u00e7ais, \u00e9tablit la responsabilit\u00e9 de certains membres haut-plac\u00e9s de l&rsquo;establishment militaire isra\u00e9lien Le major-g\u00e9n\u00e9ral \u00c2mir Drori fut notamment pris \u00e0 partie pour ne pas avoir pers\u00e9v\u00e9r\u00e9 dans sa tentative de stopper les Phalangistes.<\/p>\n<p>Concernant le chef d&rsquo;\u00e9tat-major, le lieutenant-g\u00e9n\u00e9ral Rapha\u00ebl Eytan, le rapport dit arriver \u00e0 de graves conclusions concernant les actes et les manquements du g\u00e9n\u00e9ral.<\/p>\n<p>Les membres de la commission sugg\u00e9r\u00e8rent aussi le remplacement du directeur des renseignements militaires Yohoshua Saguy, et la d\u00e9mission d&rsquo;Arnos Yaron de son poste de commandant divisionnaire, et ce pour au moins trois ans.<\/p>\n<p>Quand au g\u00e9n\u00e9ral Ariel Sharon, le rapport \u00e9crit qu&rsquo;il porte une responsabilit\u00e9 personnelle. Ainsi, poursuit le document, il convient que le ministre de D\u00e9fense tire les \u00ab conclusions personnelles appropri\u00e9es qui en d\u00e9coulent \u00bb. \u00c0 la suite du rapport, le g\u00e9n\u00e9ral Sharon a effectivement perdu son poste de ministre de la D\u00e9fense, tout en conservant une voix minist\u00e9rielle au sein du gouvernement.<\/p>\n<p>\u00c0 la publication fran\u00e7aise du rapport a \u00e9t\u00e9 joint un commentaire dans lequel un d\u00e9nomm\u00e9 Y.A. soul\u00e8ve plusieurs questions int\u00e9ressantes. Bien qu&rsquo;\u00e9crit dans un fran\u00e7ais boiteux, le commentaire va plus loin que le rapport et invoque la responsabilit\u00e9 quasi-directe des militaires isra\u00e9liens dans le massacre : l\u2019arm\u00e9e isra\u00e9lienne a laiss\u00e9 faire. Elle a m\u00eame \u00ab d\u00e9cid\u00e9 \u00bb de l\u2019entr\u00e9e des phalangistes dans Beyrouth-Ouest, sp\u00e9cifiquement dans les deux camps palestiniens.<\/p>\n<p>Le d\u00e9nomm\u00e9 Y.A ajoute : la th\u00e8se de la pr\u00e9m\u00e9ditation isra\u00e9lienne pour \u00ab laisser faire Sabra et Chatila \u00bb para\u00eet au moins aussi \u00ab plausible que celle de la n\u00e9gligence (&#8230;) Parler de n\u00e9gligence dans ce cas, n&rsquo;est-ce pas doter ces personnages d&rsquo;une dose de na\u00efvet\u00e9 que leur fonction, leur efficacit\u00e9 comme leur histoire, semblent r\u00e9futer ? \u00bb<\/p>\n<p>Le commentaire se termine par une r\u00e9flexion sur le caract\u00e8re vici\u00e9 de la d\u00e9mocratie isra\u00e9lienne. En France, aux \u00c9tats-Unis, n&rsquo;importe quel gouvernement serait tomb\u00e9 \u00e0 la suite de l&rsquo;inculpation de la commission Kahane.<\/p>\n<p>Mais, r\u00e9torquent les Isra\u00e9liens, aucun gouvernement au monde n&rsquo;aurait eu le courage d&rsquo;instituer une telle commission d&rsquo;enqu\u00eate sur le comportement des principales personnalit\u00e9s du r\u00e9gime.<\/p>\n","protected":false},"excerpt":{"rendered":"<p>Le Continuum, 11 octobre 1983 Le rapport Kahane, ed. Le Sycomore, Paris, 1983. LES 16, 17 et 18 septembre 1982 survenait au Liban un \u00e9v\u00e9nement atroce, qui allait bouleverser et choquer l&rsquo;ensemble de la communaut\u00e9 internationale : il s&rsquo;agit du massacre de Sabra et de Chatila, camps palestiniens \u00e0 Beyrouth. Ce v\u00e9ritable massacre, perp\u00e9tr\u00e9 par [&hellip;]<\/p>\n","protected":false},"author":1,"featured_media":0,"comment_status":"closed","ping_status":"closed","sticky":false,"template":"","format":"standard","meta":{"footnotes":""},"categories":[4],"tags":[151,148,149,150],"class_list":["post-366","post","type-post","status-publish","format-standard","hentry","category-critique_de_livres","tag-camps-palestiniens","tag-israel","tag-rapport-kahane","tag-sabra-et-chatila"],"_links":{"self":[{"href":"https:\/\/www.yvancliche.org\/index.php?rest_route=\/wp\/v2\/posts\/366","targetHints":{"allow":["GET"]}}],"collection":[{"href":"https:\/\/www.yvancliche.org\/index.php?rest_route=\/wp\/v2\/posts"}],"about":[{"href":"https:\/\/www.yvancliche.org\/index.php?rest_route=\/wp\/v2\/types\/post"}],"author":[{"embeddable":true,"href":"https:\/\/www.yvancliche.org\/index.php?rest_route=\/wp\/v2\/users\/1"}],"replies":[{"embeddable":true,"href":"https:\/\/www.yvancliche.org\/index.php?rest_route=%2Fwp%2Fv2%2Fcomments&post=366"}],"version-history":[{"count":7,"href":"https:\/\/www.yvancliche.org\/index.php?rest_route=\/wp\/v2\/posts\/366\/revisions"}],"predecessor-version":[{"id":2750,"href":"https:\/\/www.yvancliche.org\/index.php?rest_route=\/wp\/v2\/posts\/366\/revisions\/2750"}],"wp:attachment":[{"href":"https:\/\/www.yvancliche.org\/index.php?rest_route=%2Fwp%2Fv2%2Fmedia&parent=366"}],"wp:term":[{"taxonomy":"category","embeddable":true,"href":"https:\/\/www.yvancliche.org\/index.php?rest_route=%2Fwp%2Fv2%2Fcategories&post=366"},{"taxonomy":"post_tag","embeddable":true,"href":"https:\/\/www.yvancliche.org\/index.php?rest_route=%2Fwp%2Fv2%2Ftags&post=366"}],"curies":[{"name":"wp","href":"https:\/\/api.w.org\/{rel}","templated":true}]}}