{"id":368,"date":"1983-03-14T10:28:26","date_gmt":"1983-03-14T15:28:26","guid":{"rendered":"http:\/\/www.yvancliche.org\/?p=368"},"modified":"2013-12-07T18:39:45","modified_gmt":"2013-12-07T23:39:45","slug":"la-reconnaissane-prealable-a-la-paix","status":"publish","type":"post","link":"https:\/\/www.yvancliche.org\/?p=368","title":{"rendered":"La reconnaissance, pr\u00e9alable \u00e0 la paix"},"content":{"rendered":"<p>Le Continuum, 14 mars 1983 (avec Dominique Arel)<\/p>\n<p>EN JUIN 1982, commence au Liban la cinqui\u00e8me guerre du Moyen-Orient, depuis la cr\u00e9ation de l&rsquo;\u00c9tat d&rsquo;Isra\u00ebl en 1948. Apr\u00e8s les guerres de 1949, 1956, des Six Jours (1967) et du Yom Kippour (1973), la guerre du Liban est de nouveau venue concr\u00e9tiser l&rsquo;affrontement brutal entre deux communaut\u00e9s dont les positions semblent, de prime abord, irr\u00e9conciliables.<\/p>\n<p>Le conflit met en pr\u00e9sence deux communaut\u00e9s : l\u2019une juive, l&rsquo;autre, palestinienne. Toutes deux mettent de l&rsquo;avant leur droit l\u00e9gitime de vivre sur une m\u00eame terre, la Palestine. Pour r\u00e9soudre la question, il ne peut y avoir que deux solutions : l&rsquo;acceptation mutuelle ou la destruction mutuelle.<\/p>\n<p>En fait, il n&rsquo;est pas possible de comprendre le probl\u00e8me sans faire un retour sur les \u00e9v\u00e9nements historiques qui ont marqu\u00e9 l&rsquo;\u00e9volution du conflit. Le refus obstin\u00e9 des \u00c9tats arabes, et d&rsquo;une bonne partie de la communaut\u00e9 palestinienne, de reconna\u00eetre l&rsquo;\u00c9tat d&rsquo;Isra\u00ebl est une cons\u00e9quence directe de la violence morale qu&rsquo;ils ont subie <\/p>\n<p>Rappelons les nombreuses promesses non respect\u00e9es qui leur ont \u00e9t\u00e9 faites: promesse MacMahon, accords Sykes-Picot.<\/p>\n<p>En outre, historiquement, les Palestiniens n&rsquo;ont jamais \u00e9t\u00e9 v\u00e9ritablement repr\u00e9sent\u00e9s. Leur d\u00e9sorganisation politique a fait en sorte que ce sont les \u00c9tats arabes de la r\u00e9gion qui se sont charg\u00e9s de parler en leur nom. <\/p>\n<p>Ce n&rsquo;est qu&rsquo;en 1968, lors de la cr\u00e9ation de l&rsquo;OLP, qu&rsquo;une organisation s&rsquo;est affirm\u00e9e comme \u00e9tant le seul repr\u00e9sentant l\u00e9gitime des Palestiniens. Ainsi, n&rsquo;ayant jamais \u00e9t\u00e9 v\u00e9ritablement consult\u00e9s, les Palestiniens ne reconnaissent aucun plan de partage ni aucune proposition ant\u00e9rieurement soumise.<\/p>\n<p>De leur c\u00f4t\u00e9, le Juifs ont toujours eu une voix pour participer aux n\u00e9gociations concernant leur \u00e9ventuel statut politique, et ce par l&rsquo;interm\u00e9diaire de l&rsquo;Organisation sioniste et de l&rsquo;Agence juive. Toutefois, les diff\u00e9rents mandataires n&rsquo;ont toujours satisfait que partiellement aux revendications des Juifs et cela quoique ceux-ci aient, \u00e0 chaque fois, accept\u00e9 les d\u00e9cisions qui les concernaient.<\/p>\n<p>Selon les Arabes, le doublement et m\u00eame le quadruplement de la superficie d&rsquo;Isra\u00ebl depuis 1948 prouve que cet \u00c9tat est imp\u00e9rialiste, qu&rsquo;il ne cherche qu&rsquo;\u00e0 s&rsquo;\u00e9tendre et \u00e0 annexer le plus de territoires possible. Selon les Isra\u00e9liens, l&rsquo;agrandissement des territoires sous le contr\u00f4le de l&rsquo;\u00c9tat h\u00e9breu n&rsquo;est qu&rsquo;une r\u00e9action au harc\u00e8lement constant des pays arabes limitrophes. Ainsi, tous les territoires conquis depuis 1948 sont ceux d&rsquo;o\u00f9 provenaient les attaques r\u00e9p\u00e9t\u00e9es et incessantes contre les populations juives dans ces r\u00e9gions.<\/p>\n<p>En fait, le probl\u00e8me du Moyen-Orient n&rsquo;est pas en premier lieu un probl\u00e8me de territoire, mais en bonne partie un probl\u00e8me de reconnaissance mutuelle des droits des deux peuples \u00e0 habiter la m\u00eame terre. \u00c0 partir de ce constat de base, tous les autres probl\u00e8mes deviennent connexes. Toute solution \u00e9quitable ne peut passer que par cette reconnaissance. Tant que ce processus fondamental n&rsquo;aura pas \u00e9t\u00e9 r\u00e9alis\u00e9, aucune solution juste du conflit ne peut \u00eatre s\u00e9rieusement et honn\u00eatement envisag\u00e9e.<\/p>\n<p>Jusqu&rsquo;\u00e0 maintenant, un seul \u00c9tat arabe, l&rsquo;\u00c9gypte a reconnu, de jure, en 1978, l&rsquo;\u00c9tat d&rsquo;Isra\u00ebl. Cette reconnaissance ne s&rsquo;est pas faite sans compromis. L&rsquo;\u00c9gypte r\u00e9clamait territoire du Sina\u00ef pris par Isra\u00ebl lors de la guerre de 1967 ; pour sa part l&rsquo;\u00c9tat h\u00e9breu a du r\u00e9troc\u00e9der un territoire pour lequel il avait investi plusieurs milliards de dollars ; et ce en d\u00e9pit des pressions innombrables de religieux juifs refusant de se d\u00e9partir d&rsquo;un territoire appartenant au \u00ab Grand Isra\u00ebl \u00bb. Cependant l&rsquo;\u00c9tat isra\u00e9lien a obtenu de son ancien adversaire la reconnaissance internationale et l&rsquo;\u00e9tablissement d&rsquo;\u00e9changes diplomatiques entre les deux pays.<\/p>\n<p>Pour plusieurs observateurs, la cl\u00e9 de la solution r\u00e9side d\u2019une part, dans la reconnaissance par l&rsquo;OLP de l&rsquo;\u00c9tat d&rsquo;Isra\u00ebl et par l&rsquo;abandon de sa strat\u00e9gie militaire. D&rsquo;autre part, Isra\u00ebl doit \u00eatre pr\u00eat \u00e0 accepter l&rsquo;\u00e9tablissement \u00e9ventuel d&rsquo;un \u00c9tat palestinien en Cisjordanie et dans la bande de Gaza. Cet \u00c9tat devrait \u00eatre d\u00e9militaris\u00e9, afin d&rsquo;\u00e9viter qu&rsquo;il ne devienne une enclave militaire contre Isra\u00ebl.<\/p>\n<p>La politique isra\u00e9lienne des colonies de peuplement, qui vise \u00e0 l&rsquo;implantation plus de 100 000 colons juifs en territoires occup\u00e9s, suscite de s\u00e9rieuses inqui\u00e9tudes. Les dirigeants isra\u00e9liens, et \u00e0 sa t\u00eate le Premier ministre Menahem Begin, ont d\u00e9j\u00e0 d\u00e9clar\u00e9 qu&rsquo;ils ne d\u00e9mant\u00e8leront jamais des colonies de peuplement, comme cela a \u00e9t\u00e9 le cas du Yamit au Sina\u00ef.<\/p>\n<p>En, fait, si les leaders isra\u00e9liens veulent, en d\u00e9finitive, annexer la Jordanie, l\u2019\u00c9tat h\u00e9breu se retrouvera avec une majorit\u00e9 arabe, ce qui contreviendrait au fondement m\u00eame de cet \u00c9tat, soit un \u00c9tat sp\u00e9cifique pour les Juifs. <\/p>\n<p>Si ces m\u00eame dirigeants veulent expulser \u00e9ventuellement les Palestiniens vers la Jordanie, o\u00f9 la population est \u00e0 60 % palestinienne, Isra\u00ebl commettra alors un acte r\u00e9pr\u00e9hensible et carr\u00e9ment inacceptable. En fait, si un \u00c9tat palestinien ne peut se cr\u00e9er qu&rsquo;en Cisjordanie et \u00e0 Gaza, la seule issue possible est l&rsquo;existence d&rsquo;une minorit\u00e9 juive dans le futur \u00c9tat palestinien d\u00e9militaris\u00e9.<\/p>\n<p>Somme toute, les guerres du Moyen-Orient n&rsquo;ont amen\u00e9 qu&rsquo;une aggravation de la situation, particuli\u00e8rement pour les r\u00e9fugi\u00e9s palestiniens. <\/p>\n<p>Seule la voie dit compromis n\u00e9goci\u00e9 -solution combien plus noble que le recours aux canons- peut conduire \u00e0 un r\u00e8glement \u00e9quitable pour chacune des parties. Malgr\u00e9, mais peut-\u00eatre surtout, \u00e0 cause de la complexit\u00e9 du probl\u00e8me, et en d\u00e9pit des difficult\u00e9s qui surgissent quand on veut franchement comprendre les mentalit\u00e9s qui se c\u00f4toient en cette r\u00e9gion du monde, il nous semble, en tant qu&rsquo;observateurs \u00e9trangers, qu&rsquo;il s&rsquo;agit l\u00e0 de la seule issue possible au conflit du Moyen-Orient.<\/p>\n","protected":false},"excerpt":{"rendered":"<p>Le Continuum, 14 mars 1983 (avec Dominique Arel) EN JUIN 1982, commence au Liban la cinqui\u00e8me guerre du Moyen-Orient, depuis la cr\u00e9ation de l&rsquo;\u00c9tat d&rsquo;Isra\u00ebl en 1948. Apr\u00e8s les guerres de 1949, 1956, des Six Jours (1967) et du Yom Kippour (1973), la guerre du Liban est de nouveau venue concr\u00e9tiser l&rsquo;affrontement brutal entre deux [&hellip;]<\/p>\n","protected":false},"author":1,"featured_media":0,"comment_status":"closed","ping_status":"closed","sticky":false,"template":"","format":"standard","meta":{"footnotes":""},"categories":[1],"tags":[63,155],"class_list":["post-368","post","type-post","status-publish","format-standard","hentry","category-opinions","tag-moyen-orient","tag-paix-au-moyen-orient"],"_links":{"self":[{"href":"https:\/\/www.yvancliche.org\/index.php?rest_route=\/wp\/v2\/posts\/368","targetHints":{"allow":["GET"]}}],"collection":[{"href":"https:\/\/www.yvancliche.org\/index.php?rest_route=\/wp\/v2\/posts"}],"about":[{"href":"https:\/\/www.yvancliche.org\/index.php?rest_route=\/wp\/v2\/types\/post"}],"author":[{"embeddable":true,"href":"https:\/\/www.yvancliche.org\/index.php?rest_route=\/wp\/v2\/users\/1"}],"replies":[{"embeddable":true,"href":"https:\/\/www.yvancliche.org\/index.php?rest_route=%2Fwp%2Fv2%2Fcomments&post=368"}],"version-history":[{"count":8,"href":"https:\/\/www.yvancliche.org\/index.php?rest_route=\/wp\/v2\/posts\/368\/revisions"}],"predecessor-version":[{"id":1262,"href":"https:\/\/www.yvancliche.org\/index.php?rest_route=\/wp\/v2\/posts\/368\/revisions\/1262"}],"wp:attachment":[{"href":"https:\/\/www.yvancliche.org\/index.php?rest_route=%2Fwp%2Fv2%2Fmedia&parent=368"}],"wp:term":[{"taxonomy":"category","embeddable":true,"href":"https:\/\/www.yvancliche.org\/index.php?rest_route=%2Fwp%2Fv2%2Fcategories&post=368"},{"taxonomy":"post_tag","embeddable":true,"href":"https:\/\/www.yvancliche.org\/index.php?rest_route=%2Fwp%2Fv2%2Ftags&post=368"}],"curies":[{"name":"wp","href":"https:\/\/api.w.org\/{rel}","templated":true}]}}