{"id":376,"date":"2002-04-09T10:38:46","date_gmt":"2002-04-09T14:38:46","guid":{"rendered":"http:\/\/www.yvancliche.org\/?p=376"},"modified":"2013-11-28T21:39:43","modified_gmt":"2013-11-29T02:39:43","slug":"garder-la-tete-froide","status":"publish","type":"post","link":"https:\/\/www.yvancliche.org\/?p=376","title":{"rendered":"Conflit au Moyen-Orient : garder la t\u00eate froide"},"content":{"rendered":"<p>La Presse, 9 avril 2002<br \/>\n<em>Politicologue et MBA, l&rsquo;auteur oeuvre en d\u00e9veloppement international.<\/em><\/p>\n<p>Comme le font tous les m\u00e9dias occidentaux depuis quelques semaines, La Presse publiait r\u00e9cemment, c\u00f4te \u00e0 c\u00f4te, deux textes sur le conflit isra\u00e9lo-arabe, l&rsquo;un essentiellement pro-Isra\u00ebl, l&rsquo;autre pro-palestinien. Typique de ce conflit inextricable, ces deux opinions d\u00e9montraient, une fois de plus, la difficult\u00e9 d&rsquo;une position mitoyenne dans cette discorde maintenant vieille de plus de 50 ans. <\/p>\n<p>En effet, plus que tout autre litige international, le conflit isra\u00e9lo-palestinien attise les passions. Pour le citoyen ordinaire qui tente d&rsquo;y voir clair, le fait de rester neutre et de miser sur une analyse objective reste un d\u00e9fi permanent, surtout quand les images t\u00e9l\u00e9vis\u00e9es rapport\u00e9es de cette r\u00e9gion sont toutes aussi horrifiantes les unes que les autres.<\/p>\n<p>On me permettra un souvenir personnel, du temps de ma formation universitaire du d\u00e9but des ann\u00e9es 1980. D\u00e9j\u00e0, \u00e0 l&rsquo;\u00e9poque, la situation au Moyen-Orient suscitait des d\u00e9bats anim\u00e9s sur le campus et plusieurs conf\u00e9rences \u00e9taient organis\u00e9es pour aider les \u00e9tudiants \u00e0 mieux comprendre les grands enjeux dans cette r\u00e9gion. Presque chaque fois, un dialogue de sourds en \u00e9mergeait, le c\u00f4t\u00e9 juif insistant \u00e0 sati\u00e9t\u00e9 sur la non-reconnaissance de l&rsquo;\u00c9tat h\u00e9breu par les pays voisins, le c\u00f4t\u00e9 arabe d\u00e9non\u00e7ant la m\u00eame chose, soit la non-reconnaissance des Palestiniens, priv\u00e9s d&rsquo;\u00c9tat national.<\/p>\n<p>Dans ces d\u00e9bats, les Qu\u00e9b\u00e9cois de souche prenaient parti la majorit\u00e9 du temps pour un camp ou pour l&rsquo;autre, quelques fois avec plus de vigueur que les porte-parole des deux communaut\u00e9s. Bref, la situation sur le terrain \u00e9tait plus ou moins reproduite ici. Ayant pu ensuite voyager en Isra\u00ebl et en Cisjordanie \u00e0 la faveur d&rsquo;une mission d&rsquo;\u00e9tude, et \u00e9tant en lien autant avec des Isra\u00e9liens que des Palestiniens, je m&rsquo;\u00e9tais rapidement vu coinc\u00e9 dans ce magma des \u00e9motions \u00e0 vif d\u00e9montr\u00e9es par les deux parties, rendant difficile la t\u00e2che de dresser un portrait neutre et fluide de la situation.<\/p>\n<p>Remarquable dans ce conflit en effet est la solidit\u00e9 des arguments historiques avanc\u00e9s par les deux factions en pr\u00e9sence. Je mets au d\u00e9fi quiconque serait en contact avec des porte-parole isra\u00e9liens de ne pas flancher \u00e0 la force des propos \u00e9mis pour expliquer leur politique pass\u00e9e et actuelle. <\/p>\n<p>Les arguments, d\u00e9clam\u00e9s \u00e0 vive \u00e9motion, tourneraient autour de l&rsquo;exaction ignoble commise contre les Juifs lors de l&rsquo;Holocauste, le refuge que constitue pour eux Isra\u00ebl, l&rsquo;h\u00e9ro\u00efsme des Juifs venus de partout dans le monde pour cr\u00e9er une soci\u00e9t\u00e9 fonctionnelle, moderne et d\u00e9mocratique, le refus constant des Arabes de reconna\u00eetre leur \u00c9tat, l&rsquo;hypocrisie des r\u00e9gimes arabes dans leur soutien aux Palestiniens, le caract\u00e8re d\u00e9fensif de leur occupation des territoires.<\/p>\n<p>Or, dans le m\u00eame temps, les Palestiniens peuvent susciter chez vous la m\u00eame \u00e9motion en leur faveur. Ils invoqueront leur d\u00e9part forc\u00e9 d\u00e8s 1948 \u00e0 la suite de la cr\u00e9ation de l&rsquo;\u00c9tat h\u00e9breu, leur exil permanent, les conditions de vie inacceptables dans lesquelles ils se retrouvent, l&rsquo;humiliation quotidienne que leur fait subir l&rsquo;occupation isra\u00e9lienne depuis 1967. Tout cela avec moult exemples tout aussi percutants les uns que les autres. Ajoutez les morts, le cousin assassin\u00e9, le fr\u00e8re handicap\u00e9, et vous avez tout pour rendre les d\u00e9bats extr\u00eamement \u00e9motifs, voire violents.<\/p>\n<p>Cela illustre \u00e0 quel point il est facile, dans ce sujet en particulier, de sombrer dans la partisanerie aveugle, \u00e0 la faveur d&rsquo;une position ou de l&rsquo;autre. Pour la communaut\u00e9 internationale et, surtout, pour les Am\u00e9ricains qui doivent jouer les arbitres entre les protagonistes, l&rsquo;enjeu d&rsquo;assurer un point d&rsquo;\u00e9quilibre satisfaisant pour tous et d&rsquo;\u00e9viter les d\u00e9chirements est tout simplement titanesque. <\/p>\n<p>Pour nous, citoyens, le d\u00e9fi consiste, surtout que nous abritons aussi des communaut\u00e9s juive et arabe, \u00e0 garder la t\u00eate froide et \u00e0 tenter de comprendre la l\u00e9gitimit\u00e9 des griefs des deux parties en cause. Le caract\u00e8re amplement explosif de la situation dans cette r\u00e9gion et la fragilit\u00e9 que rev\u00eat toute solution de coexistence pacifique exigent d&rsquo;aller dans ce sens plut\u00f4t que vers un militantisme rancunier, peu favorable \u00e0 la construction d&rsquo;un avenir fond\u00e9 sur la coexistence pacifique, l&rsquo;unique avenue possible pour les Juifs et les Arabes au Moyen-Orient et ailleurs.<\/p>\n","protected":false},"excerpt":{"rendered":"<p>La Presse, 9 avril 2002 Politicologue et MBA, l&rsquo;auteur oeuvre en d\u00e9veloppement international. Comme le font tous les m\u00e9dias occidentaux depuis quelques semaines, La Presse publiait r\u00e9cemment, c\u00f4te \u00e0 c\u00f4te, deux textes sur le conflit isra\u00e9lo-arabe, l&rsquo;un essentiellement pro-Isra\u00ebl, l&rsquo;autre pro-palestinien. Typique de ce conflit inextricable, ces deux opinions d\u00e9montraient, une fois de plus, la [&hellip;]<\/p>\n","protected":false},"author":1,"featured_media":0,"comment_status":"closed","ping_status":"closed","sticky":false,"template":"","format":"standard","meta":{"footnotes":""},"categories":[1],"tags":[177,63],"class_list":["post-376","post","type-post","status-publish","format-standard","hentry","category-opinions","tag-conflit-israelo-palestinien","tag-moyen-orient"],"_links":{"self":[{"href":"https:\/\/www.yvancliche.org\/index.php?rest_route=\/wp\/v2\/posts\/376","targetHints":{"allow":["GET"]}}],"collection":[{"href":"https:\/\/www.yvancliche.org\/index.php?rest_route=\/wp\/v2\/posts"}],"about":[{"href":"https:\/\/www.yvancliche.org\/index.php?rest_route=\/wp\/v2\/types\/post"}],"author":[{"embeddable":true,"href":"https:\/\/www.yvancliche.org\/index.php?rest_route=\/wp\/v2\/users\/1"}],"replies":[{"embeddable":true,"href":"https:\/\/www.yvancliche.org\/index.php?rest_route=%2Fwp%2Fv2%2Fcomments&post=376"}],"version-history":[{"count":5,"href":"https:\/\/www.yvancliche.org\/index.php?rest_route=\/wp\/v2\/posts\/376\/revisions"}],"predecessor-version":[{"id":549,"href":"https:\/\/www.yvancliche.org\/index.php?rest_route=\/wp\/v2\/posts\/376\/revisions\/549"}],"wp:attachment":[{"href":"https:\/\/www.yvancliche.org\/index.php?rest_route=%2Fwp%2Fv2%2Fmedia&parent=376"}],"wp:term":[{"taxonomy":"category","embeddable":true,"href":"https:\/\/www.yvancliche.org\/index.php?rest_route=%2Fwp%2Fv2%2Fcategories&post=376"},{"taxonomy":"post_tag","embeddable":true,"href":"https:\/\/www.yvancliche.org\/index.php?rest_route=%2Fwp%2Fv2%2Ftags&post=376"}],"curies":[{"name":"wp","href":"https:\/\/api.w.org\/{rel}","templated":true}]}}