{"id":3792,"date":"2026-08-26T11:29:50","date_gmt":"2026-08-26T15:29:50","guid":{"rendered":"http:\/\/www.yvancliche.org\/?p=3792"},"modified":"2026-08-27T11:32:06","modified_gmt":"2026-08-27T15:32:06","slug":"taxation-de-lelectricite-vers-les-etats-unis-une-mesure-a-ecarter-dans-le-contexte-actuel","status":"publish","type":"post","link":"https:\/\/www.yvancliche.org\/?p=3792","title":{"rendered":"Taxation de l\u2019\u00e9lectricit\u00e9 vers les \u00c9tats-Unis Une mesure \u00e0 \u00e9carter dans le contexte actuel"},"content":{"rendered":"<p><a href=\"https:\/\/www.lapresse.ca\/dialogue\/opinions\/2026-08-25\/taxation-de-l-electricite-vers-les-etats-unis\/une-mesure-a-ecarter-dans-le-contexte-actuel.php\">La Presse<\/a>, 26 ao\u00fbt 2026<\/p>\n<p class=\"teaser textModule textModule--type-teaser \">Le Qu\u00e9bec a tout avantage \u00e0 montrer \u00e0 ses partenaires am\u00e9ricains que ses engagements, contrairement \u00e0 ceux de l\u2019occupant de la Maison-Blanche, sont un gage de fiabilit\u00e9, estime l\u2019expert Yvan Cliche.<\/p>\n<div class=\"author authorModule \">\n<div class=\"authorModule__content\">\n<div class=\"details authorModule__details\"><span class=\"name authorModule__name \">YVAN CLICHE<br \/>\n<\/span><span class=\"organization authorModule__organisation authorModule__organisation--size-small organization--size-small \">Fellow, sp\u00e9cialiste en \u00e9nergie, Centre d\u2019\u00e9tudes et de recherches internationales de l\u2019Universit\u00e9 de Montr\u00e9al (CERIUM)<\/span><\/div>\n<\/div>\n<\/div>\n<p class=\"lead textModule textModule--type-lead \">Depuis la fin de semaine, en apprenant qu\u2019environ 5\u00a0% des exportations canadiennes, soit quelque 28\u00a0milliards de dollars de marchandises, se voient frapp\u00e9es de droits de douane de 50\u00a0% par Washington, la vaste majorit\u00e9 des Qu\u00e9b\u00e9cois et des Canadiens sont, \u00e0 juste titre, indign\u00e9s.<\/p>\n<p class=\"paragraph textModule textModule--type-paragraph \">Dans ce contexte, il est normal que nos dirigeants politiques, soucieux de prot\u00e9ger les int\u00e9r\u00eats des citoyens et de r\u00e9pondre \u00e0 ce que le premier ministre Mark Carney qualifie d\u2019attaque contre le Canada, envisagent diff\u00e9rentes mesures de r\u00e9torsion.<\/p>\n<p class=\"paragraph textModule textModule--type-paragraph \">Parmi celles-ci, il est question au Canada, au Qu\u00e9bec, d\u2019imposer une taxe sp\u00e9ciale sur les exportations d\u2019\u00e9lectricit\u00e9, voire de suspendre les livraisons d\u2019\u00e9nergie \u00e9lectrique vers les \u00c9tats-Unis.<\/p>\n<p class=\"paragraph textModule textModule--type-paragraph \">Ce serait aller trop loin. Une telle mesure pourrait certes avoir une valeur symbolique \u00e0 court terme, mais elle risquerait de compromettre un actif strat\u00e9gique que les provinces se sont b\u00e2ti au fil des d\u00e9cennies\u00a0: leur r\u00e9putation de fournisseur fiable.<\/p>\n<h2 class=\"textModule--type-subhead \">Un produit pas comme les autres<\/h2>\n<p class=\"paragraph textModule textModule--type-paragraph \">Est-il besoin de rappeler l\u2019importance de l\u2019\u00e9nergie dans nos soci\u00e9t\u00e9s modernes\u00a0? Sans vouloir \u00e9tablir de comparaison maladroite, la livraison fiable et continue d\u2019\u00e9lectricit\u00e9 est autrement plus sensible pour une \u00e9conomie que l\u2019importation de biens courants destin\u00e9s \u00e0 garnir les tablettes des \u00e9piceries ou des quincailleries.<\/p>\n<p class=\"epigraph textModule textModule--type-epigraph \">Hydro-Qu\u00e9bec fournit de l\u2019\u00e9lectricit\u00e9 aux Am\u00e9ricains depuis des d\u00e9cennies. Malgr\u00e9 les vents et mar\u00e9es, les bouleversements \u00e9conomiques et les changements politiques, le Qu\u00e9bec a continu\u00e9 de r\u00e9pondre pr\u00e9sent pour fournir de l\u2019\u00e9nergie \u00e0 ses voisins du Sud.<\/p>\n<p class=\"paragraph textModule textModule--type-paragraph \">Hydro-Qu\u00e9bec en a tir\u00e9 d\u2019importants b\u00e9n\u00e9fices financiers, tout en contribuant de mani\u00e8re non n\u00e9gligeable \u00e0 la s\u00e9curit\u00e9 \u00e9nerg\u00e9tique de New\u00a0York et des \u00c9tats de la Nouvelle-Angleterre.<\/p>\n<p class=\"paragraph textModule textModule--type-paragraph \">En 2026, Hydro-Qu\u00e9bec a commenc\u00e9 l\u2019ex\u00e9cution de contrats avec deux partenaires du Qu\u00e9bec, le Massachusetts et New\u00a0York, pour la fourniture de blocs importants d\u2019\u00e9lectricit\u00e9, sur des p\u00e9riodes de 20 et 25\u00a0ans. Au-del\u00e0 du prix convenu, ces ententes reposent sur un \u00e9l\u00e9ment fondamental\u00a0: la confiance dans la capacit\u00e9 du Qu\u00e9bec \u00e0 livrer l\u2019\u00e9nergie promise.<\/p>\n<p class=\"paragraph textModule textModule--type-paragraph \">Ces \u00c9tats comptent bel et bien sur cette \u00e9lectricit\u00e9 propre venant du Qu\u00e9bec pour alimenter leur \u00e9conomie, soutenir leur d\u00e9carbonation et assurer le confort de leurs citoyens. Misant sur cet apport, ils n\u2019ont pas investi pour construire des \u00e9quipements de production et de transport d\u2019\u00e9lectricit\u00e9 dont ils auraient autrement besoin.<\/p>\n<p class=\"paragraph textModule textModule--type-paragraph \">La relation n\u2019est pas \u00e0 sens unique. Ces derni\u00e8res ann\u00e9es, avec des pr\u00e9cipitations moindres au Qu\u00e9bec, ce sont nos importations d\u2019\u00e9lectricit\u00e9 des r\u00e9seaux voisins qui ont permis de mieux g\u00e9rer le niveau de nos r\u00e9servoirs, contribuant ainsi \u00e0 att\u00e9nuer nos manques \u00e0 gagner en hydraulicit\u00e9.<\/p>\n<p class=\"epigraph textModule textModule--type-epigraph \">Le Qu\u00e9bec a donc tout int\u00e9r\u00eat \u00e0 maintenir r\u00e9solument le cap sur le respect de ses engagements contractuels. M\u00eame dans la p\u00e9riode difficile que nous traversons, il faut \u00e9viter de confondre le gouvernement actuel \u00e0 Washington avec les partenaires des \u00c9tats am\u00e9ricains avec lesquels le Qu\u00e9bec a sign\u00e9 des accords avantageux pour les deux parties.<\/p>\n<p class=\"paragraph textModule textModule--type-paragraph \">Une rupture ou une modification unilat\u00e9rale de ces contrats pourrait certes exercer une pression sur Washington. Mais elle enverrait \u00e9galement un signal inqui\u00e9tant \u00e0 nos partenaires actuels et futurs\u00a0: celui que les contrats \u00e9nerg\u00e9tiques peuvent devenir des instruments de repr\u00e9sailles politiques.<\/p>\n<p class=\"paragraph textModule textModule--type-paragraph \">Lors de son point de presse annon\u00e7ant la fin des n\u00e9gociations commerciales avec Washington, Mark Carney a utilis\u00e9 une image forte\u00a0: la signature de l\u2019actuel locataire de la Maison-Blanche, disait-il, est faite au crayon, en somme elle a peu de valeur.<\/p>\n<p class=\"paragraph textModule textModule--type-paragraph \">Le Qu\u00e9bec a ici l\u2019occasion de s\u2019\u00e9lever au-dessus de la m\u00eal\u00e9e. De miser sur le long terme, malgr\u00e9 les dures secousses du moment. Il peut montrer aux Am\u00e9ricains et, plus largement, au monde, que lorsqu\u2019il conclut des ententes, a fortiori aussi strat\u00e9giques que celles qui touchent \u00e0 l\u2019\u00e9nergie, sa signature est gage de fiabilit\u00e9.<\/p>\n<p class=\"paragraph textModule textModule--type-paragraph \">Une attitude pragmatique et responsable qui pourrait lui rapporter des dividendes bien apr\u00e8s la fin de la crise tarifaire actuelle.<\/p>\n","protected":false},"excerpt":{"rendered":"<p>La Presse, 26 ao\u00fbt 2026 Le Qu\u00e9bec a tout avantage \u00e0 montrer \u00e0 ses partenaires am\u00e9ricains que ses engagements, contrairement \u00e0 ceux de l\u2019occupant de la Maison-Blanche, sont un gage de fiabilit\u00e9, estime l\u2019expert Yvan Cliche. YVAN CLICHE Fellow, sp\u00e9cialiste en \u00e9nergie, Centre d\u2019\u00e9tudes et de recherches internationales de l\u2019Universit\u00e9 de Montr\u00e9al (CERIUM) Depuis la [&hellip;]<\/p>\n","protected":false},"author":1,"featured_media":0,"comment_status":"closed","ping_status":"open","sticky":false,"template":"","format":"standard","meta":{"footnotes":""},"categories":[1],"tags":[1012],"class_list":["post-3792","post","type-post","status-publish","format-standard","hentry","category-opinions","tag-etats-unis-guerre-tarifaire-electricite"],"_links":{"self":[{"href":"https:\/\/www.yvancliche.org\/index.php?rest_route=\/wp\/v2\/posts\/3792","targetHints":{"allow":["GET"]}}],"collection":[{"href":"https:\/\/www.yvancliche.org\/index.php?rest_route=\/wp\/v2\/posts"}],"about":[{"href":"https:\/\/www.yvancliche.org\/index.php?rest_route=\/wp\/v2\/types\/post"}],"author":[{"embeddable":true,"href":"https:\/\/www.yvancliche.org\/index.php?rest_route=\/wp\/v2\/users\/1"}],"replies":[{"embeddable":true,"href":"https:\/\/www.yvancliche.org\/index.php?rest_route=%2Fwp%2Fv2%2Fcomments&post=3792"}],"version-history":[{"count":1,"href":"https:\/\/www.yvancliche.org\/index.php?rest_route=\/wp\/v2\/posts\/3792\/revisions"}],"predecessor-version":[{"id":3793,"href":"https:\/\/www.yvancliche.org\/index.php?rest_route=\/wp\/v2\/posts\/3792\/revisions\/3793"}],"wp:attachment":[{"href":"https:\/\/www.yvancliche.org\/index.php?rest_route=%2Fwp%2Fv2%2Fmedia&parent=3792"}],"wp:term":[{"taxonomy":"category","embeddable":true,"href":"https:\/\/www.yvancliche.org\/index.php?rest_route=%2Fwp%2Fv2%2Fcategories&post=3792"},{"taxonomy":"post_tag","embeddable":true,"href":"https:\/\/www.yvancliche.org\/index.php?rest_route=%2Fwp%2Fv2%2Ftags&post=3792"}],"curies":[{"name":"wp","href":"https:\/\/api.w.org\/{rel}","templated":true}]}}