{"id":3794,"date":"2026-08-04T11:32:14","date_gmt":"2026-08-04T15:32:14","guid":{"rendered":"http:\/\/www.yvancliche.org\/?p=3794"},"modified":"2026-08-27T11:34:34","modified_gmt":"2026-08-27T15:34:34","slug":"crise-energetique-les-facteurs-de-risque-saccumulent","status":"publish","type":"post","link":"https:\/\/www.yvancliche.org\/?p=3794","title":{"rendered":"Crise \u00e9nerg\u00e9tique. Les facteurs de risque s\u2019accumulent"},"content":{"rendered":"<p><a href=\"https:\/\/www.lapresse.ca\/dialogue\/opinions\/2026-08-04\/crise-energetique\/les-facteurs-de-risque-s-accumulent.php\">La Presse<\/a>, 4 ao\u00fbt 2026<\/p>\n<p class=\"teaser textModule textModule--type-teaser \">Que ce soit l\u2019entr\u00e9e de nouveaux acteurs dans le conflit entre l\u2019Iran et les \u00c9tats-Unis ou la diminution des r\u00e9serves strat\u00e9giques de p\u00e9trole, les possibilit\u00e9s d\u2019aggravation de la crise \u00e9nerg\u00e9tique actuelle ne manquent pas.<\/p>\n<div class=\"author authorModule \">\n<div class=\"authorModule__content\">\n<div class=\"details authorModule__details\"><span class=\"name authorModule__name \">YVAN CLICHE<br \/>\n<\/span><span class=\"organization authorModule__organisation authorModule__organisation--size-small organization--size-small \">Fellow, sp\u00e9cialiste en \u00e9nergie, Centre d\u2019\u00e9tudes et de recherches internationales de l\u2019Universit\u00e9 de Montr\u00e9al (CERIUM)<\/span><\/div>\n<\/div>\n<\/div>\n<p class=\"lead textModule textModule--type-lead \">Le d\u00e9but du mois d\u2019ao\u00fbt marque l\u2019entr\u00e9e dans le septi\u00e8me mois des hostilit\u00e9s entre Isra\u00ebl, l\u2019Iran et les \u00c9tats-Unis. Cette guerre a entra\u00een\u00e9 une forte perturbation du transit d\u2019environ 20\u00a0% du p\u00e9trole et du gaz consomm\u00e9s dans le monde<\/p>\n<p class=\"paragraph textModule textModule--type-paragraph \">En mars, l\u2019Agence internationale de l\u2019\u00e9nergie a qualifi\u00e9 cette rupture d\u2019approvisionnement de plus grave crise \u00e9nerg\u00e9tique de l\u2019histoire moderne. Depuis cette d\u00e9claration, quatre mois suppl\u00e9mentaires de tensions se sont \u00e9coul\u00e9s, entrecoup\u00e9s d\u2019une br\u00e8ve tr\u00eave de quelques semaines. Autrement dit, cette crise sans pr\u00e9c\u00e9dent se prolonge, sans solution durable en vue.<\/p>\n<p class=\"epigraph textModule textModule--type-epigraph \">Or, \u00e0 mesure que les hostilit\u00e9s s\u2019\u00e9ternisent, de nouveaux facteurs risquent de mettre une fois de plus \u00e0 l\u2019\u00e9preuve la r\u00e9silience du syst\u00e8me p\u00e9trolier mondial.<\/p>\n<p class=\"paragraph textModule textModule--type-paragraph \">Premier sujet de pr\u00e9occupation : l\u2019attitude des houthis. Gr\u00e2ce \u00e0 son ol\u00e9oduc Est-Ouest, l\u2019Arabie saoudite a pu, depuis f\u00e9vrier, d\u00e9tourner une grande partie de ses exportations du golfe Persique vers la mer Rouge. On craignait que cette solution de rechange soit compromise par des attaques des houthis du Y\u00e9men. Ceux-ci \u00e9taient toutefois demeur\u00e9s \u00e0 l\u2019\u00e9cart des combats\u2026 jusqu\u2019\u00e0 r\u00e9cemment.<\/p>\n<p class=\"paragraph textModule textModule--type-paragraph \">Ils ciblent d\u00e9sormais des navires saoudiens transitant par le d\u00e9troit de Bab el-Mandeb. Riyad peut certes r\u00e9orienter une partie de ses cargaisons vers le canal de Suez, mais les volumes transport\u00e9s sont plus limit\u00e9s et les d\u00e9lais d\u2019acheminement vers l\u2019Asie s\u2019en trouvent consid\u00e9rablement allong\u00e9s.<\/p>\n<p class=\"paragraph textModule textModule--type-paragraph \">Deuxi\u00e8me motif d\u2019inqui\u00e9tude\u00a0: la posture de la Chine. Probablement soucieux de pr\u00e9server une \u00e9conomie mondiale qui demeure essentielle \u00e0 l\u2019\u00e9coulement de ses exportations, P\u00e9kin s\u2019est partiellement retir\u00e9 du march\u00e9 p\u00e9trolier, r\u00e9duisant d\u2019environ 40\u00a0% ses importations, qui atteignaient auparavant quelque 11\u00a0millions de barils par jour, les plus importantes au monde. Les 4 \u00e0 5\u00a0millions de barils ainsi lib\u00e9r\u00e9s ont permis d\u2019approvisionner d\u2019autres pays asiatiques, les plus durement touch\u00e9s par les perturbations dans le d\u00e9troit d\u2019Ormuz puisqu\u2019ils d\u00e9pendent fortement des producteurs du golfe Persique.<\/p>\n<p class=\"paragraph textModule textModule--type-paragraph \">La Chine puise donc dans ses importantes r\u00e9serves strat\u00e9giques. Mais jusqu\u2019\u00e0 quand acceptera-t-elle de poursuivre cette politique, qui r\u00e9duit progressivement sa marge de man\u0153uvre face \u00e0 d\u2019\u00e9ventuels nouveaux chocs\u00a0?<\/p>\n<p class=\"epigraph textModule textModule--type-epigraph \">Troisi\u00e8me \u00e9l\u00e9ment de pr\u00e9occupation\u00a0: l\u2019\u00e9tat des r\u00e9serves p\u00e9troli\u00e8res mondiales. Leur ampleur r\u00e9elle demeure difficile \u00e0 \u00e9valuer, la majorit\u00e9 des pays ne publiant pas ces donn\u00e9es. Une chose para\u00eet n\u00e9anmoins certaine\u00a0: ces stocks ont \u00e9t\u00e9 largement sollicit\u00e9s depuis le d\u00e9but de la crise et se sont amenuis\u00e9s.<\/p>\n<p class=\"paragraph textModule textModule--type-paragraph \">L\u2019exemple de la r\u00e9serve strat\u00e9gique am\u00e9ricaine (Strategic Petroleum Reserve\/SPR) est r\u00e9v\u00e9lateur. Le recours exceptionnel \u00e0 quelque 200\u00a0millions de barils en 2022, afin d\u2019att\u00e9nuer les cons\u00e9quences de l\u2019invasion russe de l\u2019Ukraine, explique en partie cette faiblesse historique. M\u00eame si, en 2026, les \u00c9tats-Unis ont port\u00e9 leur production p\u00e9troli\u00e8re \u00e0 un niveau record, soit pr\u00e8s de 14\u00a0millions de barils par jour, ils disposent aujourd\u2019hui d\u2019une marge de man\u0153uvre plus limit\u00e9e pour soutenir le march\u00e9 mondial gr\u00e2ce \u00e0 leurs r\u00e9serves de p\u00e9trole\u00a0: celles-ci se situent \u00e0 leur plus bas niveau depuis le d\u00e9but des ann\u00e9es 1980<sup>\u20601<\/sup>.<\/p>\n<p class=\"paragraph textModule textModule--type-paragraph \">Enfin, les d\u00e9clarations optimistes de la pr\u00e9sidence am\u00e9ricaine ont \u00e9galement contribu\u00e9 \u00e0 contenir la hausse des prix. Chaque annonce laissant entrevoir un r\u00e8glement imminent des hostilit\u00e9s a temporairement fait reculer les cours du p\u00e9trole. Or, aucune de ces promesses ne s\u2019est concr\u00e9tis\u00e9e. Il est donc permis de croire que ce type de d\u00e9clarations exercera d\u00e9sormais une influence plus limit\u00e9e sur les march\u00e9s.<\/p>\n<h2 class=\"textModule--type-subhead \">Des mois d\u00e9terminants<\/h2>\n<p class=\"paragraph textModule textModule--type-paragraph \">Depuis le d\u00e9but de la crise, le syst\u00e8me p\u00e9trolier mondial a fait preuve d\u2019une robustesse sup\u00e9rieure aux attentes. Les prix ont certes progress\u00e9 d\u2019environ 40\u00a0%, mais en de\u00e7\u00e0 des pr\u00e9visions de nombre d\u2019observateurs, qui envisageaient un prix du baril \u00e0 150\u00a0$.<\/p>\n<p class=\"paragraph textModule textModule--type-paragraph \">Mais les prochains mois seront d\u00e9terminants. Chaque escalade militaire ravive la crainte qu\u2019un conflit prolong\u00e9 r\u00e9duise durablement l\u2019offre mondiale, accentuant d\u2019autant la nervosit\u00e9 des op\u00e9rateurs. Une telle \u00e9volution accentuerait les pressions inflationnistes, alimenterait les attentes de nouvelles hausses des taux d\u2019int\u00e9r\u00eat et p\u00e8serait davantage sur la croissance \u00e9conomique.<\/p>\n<p class=\"paragraph textModule textModule--type-paragraph \">En l\u2019absence d\u2019une solution durable pouvant permettre une navigation \u00e0 peu pr\u00e8s normale dans le golfe Persique et en mer Rouge, les secousses \u00e9nerg\u00e9tiques et \u00e9conomiques \u00e0 venir risquent d\u2019\u00eatre passablement plus difficiles \u00e0 absorber que celles observ\u00e9es jusqu\u2019\u00e0 pr\u00e9sent.<\/p>\n","protected":false},"excerpt":{"rendered":"<p>La Presse, 4 ao\u00fbt 2026 Que ce soit l\u2019entr\u00e9e de nouveaux acteurs dans le conflit entre l\u2019Iran et les \u00c9tats-Unis ou la diminution des r\u00e9serves strat\u00e9giques de p\u00e9trole, les possibilit\u00e9s d\u2019aggravation de la crise \u00e9nerg\u00e9tique actuelle ne manquent pas. YVAN CLICHE Fellow, sp\u00e9cialiste en \u00e9nergie, Centre d\u2019\u00e9tudes et de recherches internationales de l\u2019Universit\u00e9 de Montr\u00e9al [&hellip;]<\/p>\n","protected":false},"author":1,"featured_media":0,"comment_status":"closed","ping_status":"open","sticky":false,"template":"","format":"standard","meta":{"footnotes":""},"categories":[1],"tags":[980],"class_list":["post-3794","post","type-post","status-publish","format-standard","hentry","category-opinions","tag-petrole-2"],"_links":{"self":[{"href":"https:\/\/www.yvancliche.org\/index.php?rest_route=\/wp\/v2\/posts\/3794","targetHints":{"allow":["GET"]}}],"collection":[{"href":"https:\/\/www.yvancliche.org\/index.php?rest_route=\/wp\/v2\/posts"}],"about":[{"href":"https:\/\/www.yvancliche.org\/index.php?rest_route=\/wp\/v2\/types\/post"}],"author":[{"embeddable":true,"href":"https:\/\/www.yvancliche.org\/index.php?rest_route=\/wp\/v2\/users\/1"}],"replies":[{"embeddable":true,"href":"https:\/\/www.yvancliche.org\/index.php?rest_route=%2Fwp%2Fv2%2Fcomments&post=3794"}],"version-history":[{"count":1,"href":"https:\/\/www.yvancliche.org\/index.php?rest_route=\/wp\/v2\/posts\/3794\/revisions"}],"predecessor-version":[{"id":3795,"href":"https:\/\/www.yvancliche.org\/index.php?rest_route=\/wp\/v2\/posts\/3794\/revisions\/3795"}],"wp:attachment":[{"href":"https:\/\/www.yvancliche.org\/index.php?rest_route=%2Fwp%2Fv2%2Fmedia&parent=3794"}],"wp:term":[{"taxonomy":"category","embeddable":true,"href":"https:\/\/www.yvancliche.org\/index.php?rest_route=%2Fwp%2Fv2%2Fcategories&post=3794"},{"taxonomy":"post_tag","embeddable":true,"href":"https:\/\/www.yvancliche.org\/index.php?rest_route=%2Fwp%2Fv2%2Ftags&post=3794"}],"curies":[{"name":"wp","href":"https:\/\/api.w.org\/{rel}","templated":true}]}}