{"id":383,"date":"1988-03-07T10:55:54","date_gmt":"1988-03-07T15:55:54","guid":{"rendered":"http:\/\/www.yvancliche.org\/?p=383"},"modified":"2021-03-05T16:16:51","modified_gmt":"2021-03-05T21:16:51","slug":"des-images-disrael-qui-font-mal-aux-juifs-de-montreal","status":"publish","type":"post","link":"https:\/\/www.yvancliche.org\/?p=383","title":{"rendered":"Des images d&rsquo;Isra\u00ebl qui font mal aux juifs de Montr\u00e9al"},"content":{"rendered":"<p>Le Devoir, 7 mars 1988<\/p>\n<p>Depuis trois mois, toutes les t\u00e9l\u00e9visions du monde rapportent d&rsquo;Isra\u00ebl un lot d&rsquo;images accablantes. \u00c0 l\u2019aube du 40e anniversaire de l&rsquo;\u00c9tat h\u00e9breu, les exactions de soldats isra\u00e9liens contre les populations civiles dans les territoires occup\u00e9s ont provoqu\u00e9 une d\u00e9chirure parmi les Juifs de la diaspora.<\/p>\n<p>Ceux de Montr\u00e9al, qui sont plus de 100 000, sont aussi boulevers\u00e9s et d\u00e9plorent vivement la situation, mais ne veulent pas pour autant retirer leur appui \u00e0 l&rsquo;\u00c9tat Juif. Je condamne violemment ce qui se passe en Isra\u00ebl et dans les territoires occup\u00e9s, d\u00e9clare Ghila Benesty Sroka directrice-fondatrice de la revue \u00ab La Tribune juive \u00bb, les soldats isra\u00e9liens ont \u00e9t\u00e9 form\u00e9s pour servir dans une grande arm\u00e9e et pour se battre contre une autre arm\u00e9e, et non pour appliquer une politique de la matraque \u00bb, dit-elle.<\/p>\n<p>M\u00eame \u00e9cho chez Alexis Nouss, journaliste et \u00e9crivain. \u00ab D\u00e9j\u00e0, la solidarit\u00e9 \u00e0 l&rsquo;\u00e9gard d&rsquo;Isra\u00ebl a \u00e9t\u00e9 \u00e9branl\u00e9e lors du conflit du Liban en 1982, bien qu&rsquo;Isra\u00ebl f\u00fbt en guerre, commente-t-il. \u00ab En ce moment, cependant, mes fr\u00e8res isra\u00e9liens commettent des choses qui font mal \u00e0 voir. Le questionnement n&rsquo;est plus intellectuel, mais \u00e9motionnel \u00bb.<\/p>\n<p>Pour Moise L\u00e9vy, responsable du d\u00e9partement culturel au Centre communautaire juif, les d\u00e9sordres au Moyen-Orient suscite la d\u00e9solation et le scepticisme. \u00ab Nous sommes tous choqu\u00e9s par ce qui se passe. Surtout que l&rsquo;on ne voit pas comment on pourra endiguer cette vague d&rsquo;\u00e9meutes qui secoue les territoires de Cisjordanie et de Gaza, dit-il. \u00ab La situation est grave. Les jeunes Palestiniens sont d\u00e9sempar\u00e9s. Cela r\u00e9sulte de plusieurs ann\u00e9es d&rsquo;indiff\u00e9rence \u00e0 l&rsquo;\u00e9gard des Palestiniens des territoires, non seulement de la part d&rsquo;Isra\u00ebl, mais surtout des pays arabes, comme l\u2019a d\u00e9montr\u00e9 le sommet arabe d&rsquo;Amman, qui n&rsquo;a m\u00eame pas fait r\u00e9f\u00e9rence au probl\u00e8me palestinien. \u00bb<\/p>\n<p>M\u00eame si tous les Juifs acceptent difficilement les \u00e9v\u00e9nements actuels, il n&rsquo;est question de retirer son appui \u00e0 Isra\u00ebl. Pour Daniel Malca, directeur du Centre Hillel, il n&rsquo;y a pas que les Isra\u00e9liens \u00e0 condamner.<\/p>\n<p>\u00ab La Charte de l\u2019OLP \u00e7a aussi, c&rsquo;est insupportable. Cette charte parle de lib\u00e9rer enti\u00e8rement la Palestine, y compris Isra\u00ebl., rappelle-t-il. On en revient toujours au m\u00eame probl\u00e8me, d\u00e9clare quant \u00e0 lui Howard Joseph, rabbin de la Synagogue espagnole et portugaise. Les Palestiniens ne reconnaissent pas la pr\u00e9sence juive en Isra\u00ebl. Les Palestiniens ne cessent de r\u00e9clamer un \u00c9tat pour eux, mais ils n&rsquo;ont jamais dit fermement qu&rsquo;ils acceptaient l&rsquo;\u00c9tat isra\u00e9lien.<\/p>\n<p>Le traitement des \u00e9meutes par la presse et la t\u00e9l\u00e9vision fait l\u2019objet d&rsquo;une condamnation unanime. Les m\u00e9dias ne pr\u00e9sentent pas une image objective des \u00e9v\u00e8nements, souligne le rabbin Joseph. \u00ab Si un Arabe et un Juif fraternise on ne le montre pas, si en revanche, ils se battent, \u00e7a passera aux nouvelles \u00bb.<\/p>\n<p>Les m\u00e9dias ne mettent l\u2019accent que sur l&rsquo;aspect sensationnel, et ne s&rsquo;efforcent pas d\u2019ins\u00e9rer ces \u00e9v\u00e9nements dans un cadre plus large, estime M. L\u00e9vy. C&rsquo;est un probl\u00e8me complexe, et c&rsquo;est trop facile de ne bl\u00e2mer qu&rsquo;un seul acteur. Il faut rappeler qu&rsquo;au Liban, pendant 32 mois, il y a eu un si\u00e8ge o\u00f9 les camps palestiniens ont \u00e9t\u00e9 attaqu\u00e9s par les milices d&rsquo;Amal : 7 500 morts. Et pourtant, personne ne s&rsquo;en est \u00e9mu. \u00bb<br \/>\nPour M. Nouss il y a un double standard appliqu\u00e9 \u00e0 Isra\u00ebl.<\/p>\n<p>\u00ab On n&rsquo;a jamais vu une politique de r\u00e9pression faire autant la manchette des journaux. M\u00eame Ha\u00efti n&rsquo;a pas fait autant de bruit. Pourquoi ? L&rsquo;Occident semble laver sa mauvaise conscience. L\u2019Occident n&rsquo;a jamais dig\u00e9r\u00e9 Auschwitz on se dit qu&rsquo;Isra\u00ebl peut \u00eatre aussi abominable que les bourreaux nazis, et ainsi on n&rsquo;a pas \u00e0 avoir mauvaise conscience. Cela me bouleverse \u00bb, ajoute-t-il.<\/p>\n<p>Que r\u00e9serve l&rsquo;avenir pour Isra\u00ebl ? \u00ab Maintenant que l&rsquo;abc\u00e8s est crev\u00e9, je pense que tout le monde a compris qu&rsquo;il faut vite faire quelque chose, soutient Ghila Benesty-Sroka, qui s&rsquo;\u00e9tonne que les Palestiniens aient attendu aussi longtemps pour se soulever contre l&rsquo;occupation isra\u00e9lienne.<\/p>\n<p>Le probl\u00e8me selon elle, c&rsquo;est de savoir avec qui n\u00e9gocier, et quoi n\u00e9gocier. Un des obstacles \u00e0 la paix, c&rsquo;est que lorsque des Palestiniens manifestent le d\u00e9sir de n\u00e9gocier, ils sont rapidement exclus du d\u00e9bat, souvent au prix de leur vie \u00bb, dit-elle.<\/p>\n<p>Rendre les territoires, dans l&rsquo;\u00e9tat actuel des choses, ce serait d\u00e9cr\u00e9ter automatiquement la mort de l&rsquo;\u00c9tat d&rsquo;Isra\u00ebl, affirme Daniel Malca. \u00bb La s\u00e9curit\u00e9 d&rsquo;Isra\u00ebl passe en premier lieu. Mais l&rsquo;\u00c9tat juif doit veiller \u00e0 ne pas se faire l\u2019instrument de la souffrance d&rsquo;autres personnes \u00bb, pr\u00e9cise-t-il.<\/p>\n<p>\u00ab La g\u00e9n\u00e9ration des Palestiniens n\u00e9e dans les territoires occup\u00e9s se sent abandonn\u00e9e et sacrifi\u00e9e \u00bb, rappelle M. Nouss. \u00ab \u00c7a d\u00e9passe le domaine du politique. Les jeunes Palestiniens sont pr\u00eats \u00e0 mourir pour promouvoir leur cause. Avec la pr\u00e9sence des Palestiniens des territoires aux c\u00f4t\u00e9s d\u2019Isra\u00ebl, la situation va bient\u00f4t ressembler \u00e0 celle v\u00e9cue en Irlande. Ce n&rsquo;est pas un conflit entre deux \u00c9tats, mais entre deux communaut\u00e9s, sur un m\u00eame territoire. La solution passe par le dialogue, autant en Isra\u00ebl que n&rsquo;importe ou ailleurs.<\/p>\n<p>Certes, Isra\u00ebl ne peut n\u00e9gocier avec l&rsquo;OLP, estime Howard Joseph. Cependant, un coup d&rsquo;\u00e9clat de la part de l&rsquo;OLP, un peu comme l&rsquo;action dramatique entreprise par Sadate lors de sa visite \u00e0 J\u00e9rusalem, pourrait faire grandement avancer les choses. Le geste de Sadate a chang\u00e9 les esprits, et si Yasser Arafat d\u00e9cidait enfin de dire oui \u00e0 Isra\u00ebl, pense le rabbin, les perspectives de paix pourraient s&rsquo;am\u00e9liorer.<\/p>\n","protected":false},"excerpt":{"rendered":"<p>Le Devoir, 7 mars 1988 Depuis trois mois, toutes les t\u00e9l\u00e9visions du monde rapportent d&rsquo;Isra\u00ebl un lot d&rsquo;images accablantes. \u00c0 l\u2019aube du 40e anniversaire de l&rsquo;\u00c9tat h\u00e9breu, les exactions de soldats isra\u00e9liens contre les populations civiles dans les territoires occup\u00e9s ont provoqu\u00e9 une d\u00e9chirure parmi les Juifs de la diaspora. Ceux de Montr\u00e9al, qui sont [&hellip;]<\/p>\n","protected":false},"author":1,"featured_media":0,"comment_status":"closed","ping_status":"closed","sticky":false,"template":"","format":"standard","meta":{"footnotes":""},"categories":[387],"tags":[421],"class_list":["post-383","post","type-post","status-publish","format-standard","hentry","category-articles","tag-guerre-israelo-arabe"],"_links":{"self":[{"href":"https:\/\/www.yvancliche.org\/index.php?rest_route=\/wp\/v2\/posts\/383","targetHints":{"allow":["GET"]}}],"collection":[{"href":"https:\/\/www.yvancliche.org\/index.php?rest_route=\/wp\/v2\/posts"}],"about":[{"href":"https:\/\/www.yvancliche.org\/index.php?rest_route=\/wp\/v2\/types\/post"}],"author":[{"embeddable":true,"href":"https:\/\/www.yvancliche.org\/index.php?rest_route=\/wp\/v2\/users\/1"}],"replies":[{"embeddable":true,"href":"https:\/\/www.yvancliche.org\/index.php?rest_route=%2Fwp%2Fv2%2Fcomments&post=383"}],"version-history":[{"count":8,"href":"https:\/\/www.yvancliche.org\/index.php?rest_route=\/wp\/v2\/posts\/383\/revisions"}],"predecessor-version":[{"id":2818,"href":"https:\/\/www.yvancliche.org\/index.php?rest_route=\/wp\/v2\/posts\/383\/revisions\/2818"}],"wp:attachment":[{"href":"https:\/\/www.yvancliche.org\/index.php?rest_route=%2Fwp%2Fv2%2Fmedia&parent=383"}],"wp:term":[{"taxonomy":"category","embeddable":true,"href":"https:\/\/www.yvancliche.org\/index.php?rest_route=%2Fwp%2Fv2%2Fcategories&post=383"},{"taxonomy":"post_tag","embeddable":true,"href":"https:\/\/www.yvancliche.org\/index.php?rest_route=%2Fwp%2Fv2%2Ftags&post=383"}],"curies":[{"name":"wp","href":"https:\/\/api.w.org\/{rel}","templated":true}]}}