{"id":387,"date":"1985-03-14T11:05:23","date_gmt":"1985-03-14T16:05:23","guid":{"rendered":"http:\/\/www.yvancliche.org\/?p=387"},"modified":"2021-03-04T12:12:24","modified_gmt":"2021-03-04T17:12:24","slug":"la-politique-canadienne-au-moyen-orient","status":"publish","type":"post","link":"https:\/\/www.yvancliche.org\/?p=387","title":{"rendered":"La politique canadienne au Moyen-Orient"},"content":{"rendered":"<p>Le Devoir, 14 mars 1986<\/p>\n<p>David J. Bercuson, Canada and the Birth of Isra\u00ebl: A Study In Canadian Foreign Policy, Toronto, Toronto University Press, 1989.<\/p>\n<p>La POLITIQUE canadienne au Moyen-Orient, lors de la cr\u00e9ation de l&rsquo;\u00c9tat d&rsquo;Isra\u00ebl, n&rsquo;a nullement \u00e9t\u00e9, contrairement \u00e0 ce qui est g\u00e9n\u00e9ralement admis, jalonn\u00e9 par de quelconques sympathies sionistes de la part de l&rsquo;\u00e9lite dirigeante ou par les pressions du lobby juif. Elle a r\u00e9pondu \u00e0 des consid\u00e9rations pratiques, en accord avec les int\u00e9r\u00eats nationaux du Canada, tels que per\u00e7us par les leaders de l&rsquo;\u00e9poque.<\/p>\n<p>Voil\u00e0 les conclusions de la minutieuse enqu\u00eate men\u00e9e par David J. Bercuson sur le r\u00f4le jou\u00e9 par le Canada lors du conflit isra\u00e9lo-arabe (d\u2019avant et d&rsquo;apr\u00e8s 1948).<\/p>\n<p>Outre le vote sur la partition de la Palestine, que Bercuson consid\u00e8re comme \u00e9tant le seul moment o\u00fb la politique canadienne s&rsquo;est fait valoir de fa\u00e7on ind\u00e9pendante, le Canada s&rsquo;est remarquablement efforc\u00e9 de demeurer \u00e0 l&rsquo;\u00e9cart du conflit s\u00e9vissant entre les Juifs et les Arabes. Paradoxalement, c&rsquo;est cette volont\u00e9 quasi-dogmatique de non-engagement qui a forc\u00e9 le Canada, c\u00e9dant en cela \u00e0 la forte pression des Am\u00e9ricains, \u00e0 participer au Comit\u00e9 sp\u00e9cial des Nations Unies sur la Palestine (UNSCOP) et ainsi \u00e0 se positionner face \u00e0 la crise moyen-orientale.<\/p>\n<p>Au lendemain de la Seconde guerre mondiale, dans un monde o\u00f9 pr\u00e9vaut la guerre froide entre les \u00c9tats-Unis et l&rsquo;URSS, le Canada a bien d&rsquo;autres pr\u00e9occupations que les d\u00e9chirures qui saignent le Moyen-Orient. Les priorit\u00e9s vont \u00e0 l&rsquo;appui au plan Marshall et la mise en place d&rsquo;un syst\u00e8me occidental de d\u00e9fense qui aboutira \u00e0 la cr\u00e9ation de l&rsquo;OTAN. L&rsquo;unit\u00e9 des forces occidentales est primordiale face \u00e0 l&rsquo;ennemi sovi\u00e9tique.<\/p>\n<p>D\u00e8s lors, la seule pr\u00e9occupation du Canada au Moyen-Orient sera de tenter de diminuer le foss\u00e9 s\u00e9parant Am\u00e9ricains et Britanniques sur l&rsquo;attitude \u00e0 privil\u00e9gier \u00e0 l&rsquo;\u00e9gard du conflit et d&#8217;emp\u00eacher l&rsquo;URSS de se poser comme un acteur dans la r\u00e9gion. L\u00e0 r\u00e9side, d&rsquo;apr\u00e8s Bercuson, toute la strat\u00e9gie canadienne dans ce dossier telle qu&rsquo;\u00e9labor\u00e9e par les policy-makers du D\u00e9partement des Affaires \u00e9trang\u00e8res, et dans les hauts-\u00e9chelons du Cabinet.<\/p>\n<p>\u00c0\u00a0cette \u00e9poque, le Canada n&rsquo;a aucune relation \u00e9conomique d&rsquo;envergure avec les \u00c9tats de la r\u00e9gion; et la population canadienne est plus ou moins sensibilis\u00e9e \u00e0 la question moyen-orientale. Pour cette raison, MacKenzie King, s&rsquo;appuyant en bonne partie sur les recommandations d&rsquo;Elzabeth MacCullum du minist\u00e8re des Affaires ext\u00e9rieures, s&rsquo;en remet \u00e0 l&rsquo;attitude adopt\u00e9e par la Grande-Bretagne, en d\u00e9pit du fait que celle-ci s&rsquo;illustre par son manque de collaboration aux efforts de l&rsquo;ONU pour solutionner le conflit.<\/p>\n<p>Selon King, la priorit\u00e9 doit aller non pas tant au r\u00e8glement de la crise palestinienne mais plut\u00f4t an rapprochement am\u00e9ricano-britannique sur cet \u00e9pineux sujet. L&rsquo;effort diplomatique du Canada se concentrera donc sur l&rsquo;accommodement des positions des deux partenaires, tout en essayant de demeurer le plus possible \u00e0 l&rsquo;\u00e9cart des perturbations affectant cette partie du monde.<\/p>\n<p>Avec son style sec et un ton des plus prosa\u00efque, et malgr\u00e9 un biais pro-isra\u00e9lien, David J. Bercuson vient de livrer un document majeur sur la politique ext\u00e9rieure canadienne.<\/p>\n","protected":false},"excerpt":{"rendered":"<p>Le Devoir, 14 mars 1986 David J. Bercuson, Canada and the Birth of Isra\u00ebl: A Study In Canadian Foreign Policy, Toronto, Toronto University Press, 1989. La POLITIQUE canadienne au Moyen-Orient, lors de la cr\u00e9ation de l&rsquo;\u00c9tat d&rsquo;Isra\u00ebl, n&rsquo;a nullement \u00e9t\u00e9, contrairement \u00e0 ce qui est g\u00e9n\u00e9ralement admis, jalonn\u00e9 par de quelconques sympathies sionistes de la [&hellip;]<\/p>\n","protected":false},"author":1,"featured_media":0,"comment_status":"closed","ping_status":"closed","sticky":false,"template":"","format":"standard","meta":{"footnotes":""},"categories":[4],"tags":[780,63,420],"class_list":["post-387","post","type-post","status-publish","format-standard","hentry","category-critique_de_livres","tag-david-bercuson","tag-moyen-orient","tag-politique-canadienne-au-moyen-orient"],"_links":{"self":[{"href":"https:\/\/www.yvancliche.org\/index.php?rest_route=\/wp\/v2\/posts\/387","targetHints":{"allow":["GET"]}}],"collection":[{"href":"https:\/\/www.yvancliche.org\/index.php?rest_route=\/wp\/v2\/posts"}],"about":[{"href":"https:\/\/www.yvancliche.org\/index.php?rest_route=\/wp\/v2\/types\/post"}],"author":[{"embeddable":true,"href":"https:\/\/www.yvancliche.org\/index.php?rest_route=\/wp\/v2\/users\/1"}],"replies":[{"embeddable":true,"href":"https:\/\/www.yvancliche.org\/index.php?rest_route=%2Fwp%2Fv2%2Fcomments&post=387"}],"version-history":[{"count":6,"href":"https:\/\/www.yvancliche.org\/index.php?rest_route=\/wp\/v2\/posts\/387\/revisions"}],"predecessor-version":[{"id":2771,"href":"https:\/\/www.yvancliche.org\/index.php?rest_route=\/wp\/v2\/posts\/387\/revisions\/2771"}],"wp:attachment":[{"href":"https:\/\/www.yvancliche.org\/index.php?rest_route=%2Fwp%2Fv2%2Fmedia&parent=387"}],"wp:term":[{"taxonomy":"category","embeddable":true,"href":"https:\/\/www.yvancliche.org\/index.php?rest_route=%2Fwp%2Fv2%2Fcategories&post=387"},{"taxonomy":"post_tag","embeddable":true,"href":"https:\/\/www.yvancliche.org\/index.php?rest_route=%2Fwp%2Fv2%2Ftags&post=387"}],"curies":[{"name":"wp","href":"https:\/\/api.w.org\/{rel}","templated":true}]}}