{"id":394,"date":"2012-01-31T16:18:01","date_gmt":"2012-01-31T21:18:01","guid":{"rendered":"http:\/\/www.yvancliche.org\/?p=394"},"modified":"2013-12-08T12:37:30","modified_gmt":"2013-12-08T17:37:30","slug":"tunisie-lettre-a-abdelaziz-ben-dhia-dun-ex-voisin-canadien-de-la-marsa","status":"publish","type":"post","link":"https:\/\/www.yvancliche.org\/?p=394","title":{"rendered":"Tunisie. Lettre \u00e0 Abdelaziz Ben Dhia d&rsquo;un ex-voisin canadien de La Marsa"},"content":{"rendered":"<p><a href=\"http:\/\/www.kapitalis.com\/component\/content\/article\/62-fokus\/national\/8054-tunisie-lettre-a-abdelaziz-ben-dhia-dun-ex-voisin-canadien-de-la-marsa.html\" title=\"Abdel Aziz ben Dhia\" target=\"_blank\">www.kapitalis.tn<\/a>, 31 janvier 2012<br \/>\n<em>Blogueur, ex-r\u00e9sident de la Tunisie (2007-2011), Montr\u00e9al, Qu\u00e9bec, Canada.<\/em><\/p>\n<p>Au moment o\u00f9 j\u2019\u00e9cris ces lignes, je ne saurais dire comment vous vous portez.<\/p>\n<p>Je sais qu\u2019au moment de la R\u00e9volution, vous avez \u00e9t\u00e9 plac\u00e9 en r\u00e9sidence surveill\u00e9e, le 23 janvier 2011, puis emprisonn\u00e9 le 12 mars de la m\u00eame ann\u00e9e, dans l\u2019agglom\u00e9ration de Tunis.<\/p>\n<p>Pourquoi cette missive, de moi, pur inconnu, \u00e0 vous, un des barons de l\u2019ex-r\u00e9gime dictatorial tunisien ?<\/p>\n<p>C\u2019est que le hasard de la vie a voulu que, pendant plus d\u2019un an, nous avons \u00e9t\u00e9 voisins, rue Ali Kallel \u00e0 La Marsa, dans votre pays, la Tunisie.<\/p>\n<p>J\u2019y louais une maison avec ma famille dans le cadre d\u2019un emploi que j\u2019y avais pour une organisation internationale bas\u00e9e \u00e0 Tunis.<\/p>\n<p>D\u00e8s mon installation, j\u2019avais bien s\u00fbr not\u00e9 la pr\u00e9sence permanente, 24 heures sur 24, 365 jours par ann\u00e9e, d\u2019un policier se tenant au devant de votre r\u00e9sidence. Cela m\u2019avait bien s\u00fbr intrigu\u00e9 et, un soir, j\u2019avais demand\u00e9 au policier de faction quelle personne habitait cette r\u00e9sidence.<\/p>\n<p>Il m\u2019avait r\u00e9pondu dans son fran\u00e7ais bancal \u00abun personnage tr\u00e8s, tr\u00e8s important. Grand ami de Ben Ali\u00bb.<\/p>\n<p>Et puis est venu, fin 2008, un num\u00e9ro d\u2019un magazine international, publi\u00e9 en France, dont un article portait sur la Tunisie. Dans ce texte, on y parlait des hommes proches du pr\u00e9sident du pays.<\/p>\n<p>\u00c0 ma stupeur, je vous ai reconnu dans une des photos publi\u00e9es.<\/p>\n<p>Cette d\u00e9couverte ne m\u2019a gu\u00e8re laiss\u00e9 indiff\u00e9rent. C\u2019\u00e9tait la premi\u00e8re fois que je vivais, pour une longue p\u00e9riode, sous une dictature. Vivre dans un pays ferm\u00e9 \u00e0 la libre circulation de l\u2019information, \u00e0 l\u2019expression libre des id\u00e9es m\u2019a rempli de sentiments troubles.<\/p>\n<p>Accro d\u2019informations, j\u2019en \u00e9tais venu \u00e0 d\u00e9laisser de plus en plus la lecture des m\u00e9dias tunisiens, tous soumis \u00e0 une chape de plomb rendant absolument impossible le compte-rendu de l\u2019actualit\u00e9 r\u00e9elle dans votre pays.<\/p>\n<p>Et je m\u2019offusquais, quasi quotidiennement, de la peur qui r\u00e9gnait parmi les citoyens dans une Tunisie pourtant \u00e0 une heure de vol de l\u2019Europe. Peur de dire ce qu\u2019ils pensent, ressentent, m\u00eame si ces commentaires seraient utiles \u00e0 \u00eatre entendus pour contribuer \u00e0 un sain d\u00e9bat public dans le pays.<\/p>\n<p>Port\u00e9 par ces \u00e9motions, je me suis ainsi renseign\u00e9 sur votre compte. Rapidement, j\u2019ai appris que vous \u00e9tiez un des piliers du r\u00e9gime, peut-\u00eatre m\u00eame le num\u00e9ro deux, apr\u00e8s le pr\u00e9sident Ben Ali.<\/p>\n<p>En apprenant davantage sur votre profil (via Wikipedia), j\u2019ai \u00e9t\u00e9 secou\u00e9. Par le contraste entre vous et l\u2019ex-dictateur.<\/p>\n<p>Tout, votre origine sociale, votre \u00e9ducation, vous \u00e9loignait de Ben Ali. Je vous croyais, au d\u00e9part, homme du s\u00e9rail s\u00e9curitaire. J\u2019ai d\u00e9couvert un homme de la bourgeoisie, de La Marsa, cit\u00e9 intellectuelle par excellence du pays.<\/p>\n<p>Docteur en droit, form\u00e9 en France, ex-directeur de la Facult\u00e9 de droit de Tunis : bref tout, dans votre parcours, faisait de vous un homme \u00e9minemment fr\u00e9quentable. Un homme tout en contraste avec votre ami Ben Ali, petit flic peu instruit, s\u2019\u00e9tant construit une carri\u00e8re dans la r\u00e9pression et le renseignement.<\/p>\n<p>Et pourtant.<\/p>\n<p>Vous \u00eates devenus tous les deux de fid\u00e8les et ind\u00e9fectibles alli\u00e9s. On disait m\u00eame de vous que vous \u00e9tiez son plus fid\u00e8le lieutenant, voire plus d\u00e9vou\u00e9 \u00e0 l\u2019homme qu\u2019au r\u00e9gime.<\/p>\n<p>Lors de la campagne pr\u00e9sidentielle de 2009, dont l\u2019issue ne faisait bien s\u00fbr aucun doute, je lisais vos propos dans les m\u00e9dias staliniens du pays et tous vos commentaires pointaient vers les qualit\u00e9s d\u2019homme quasi surhumain attribu\u00e9es \u00e0 Ben Ali, pr\u00e9sent\u00e9 comme la toute seule alternative raisonnable, envisageable pour votre pays.<\/p>\n<p>Port\u00e9 par ces incompr\u00e9hensions envers votre r\u00f4le d\u2019estafette, votre fid\u00e9lit\u00e9 aveugle \u00e0 un dictateur, pour moi une caricature de despote oriental, j\u2019\u00e9tais parfois tent\u00e9, en vous voyant dans la rue, de vous aborder.<\/p>\n<p>Et de vous poser ces questions : Pourquoi vous, homme de culture, \u00eates-vous alli\u00e9 \u00e0 la vie et \u00e0 la mort \u00e0 un tel personnage?<\/p>\n<p>Pourquoi cet acharnement \u00e0 le voir rester au pouvoir ? La Tunisie n\u2019est-elle pas capable de \u00abproduire\u00bb un autre pr\u00e9sident, mieux adapt\u00e9 aux circonstances ?<\/p>\n<p>\u00cates-vous conscient que personne, ou presque, appuie vraiment le r\u00e9gime ? Tout le monde sait que vous menez une mascarade, une com\u00e9die, que vous truquez les \u00e9lections ; le savez-vous ou faites-vous semblant ?<\/p>\n<p>Ne savez-vous pas que toute la communaut\u00e9 \u00e9trang\u00e8re parle de la Tunisie comme \u00e9tant en fin de r\u00e9gime, qu\u2019un renouvellement s\u2019av\u00e8re imp\u00e9rieux ?<\/p>\n<p>\u00cates-vous sensible au fait qu\u2019une des personnes avec laquelle vous composez r\u00e9guli\u00e8rement, soit la femme du pr\u00e9sident, est unanimement d\u00e9test\u00e9e par le peuple et qu\u2019elle met votre survie politique en p\u00e9ril ?<\/p>\n<p>J\u2019avais bien d\u2019autres questions \u00e0 vous poser. Mais je n\u2019ai jamais eu l\u2019occasion, ni la t\u00e9m\u00e9rit\u00e9 de vous aborder.<\/p>\n<p>Et puis est survenue la R\u00e9volution, qui vous a fait basculer du mauvais c\u00f4t\u00e9 de l\u2019Histoire.<\/p>\n<p>Et c\u2019est \u00e0 elle que doit \u00eatre laiss\u00e9 le soin de vous juger.<\/p>\n<p>Mais je crains qu\u2019elle ne vous range, si ce n\u2019est d\u00e9j\u00e0 fait, dans un registre, celui de conseiller mal avis\u00e9 d\u2019un tyran honni, que vous n\u2019avez jamais envisag\u00e9.<\/p>\n","protected":false},"excerpt":{"rendered":"<p>www.kapitalis.tn, 31 janvier 2012 Blogueur, ex-r\u00e9sident de la Tunisie (2007-2011), Montr\u00e9al, Qu\u00e9bec, Canada. Au moment o\u00f9 j\u2019\u00e9cris ces lignes, je ne saurais dire comment vous vous portez. Je sais qu\u2019au moment de la R\u00e9volution, vous avez \u00e9t\u00e9 plac\u00e9 en r\u00e9sidence surveill\u00e9e, le 23 janvier 2011, puis emprisonn\u00e9 le 12 mars de la m\u00eame ann\u00e9e, dans [&hellip;]<\/p>\n","protected":false},"author":1,"featured_media":0,"comment_status":"open","ping_status":"open","sticky":false,"template":"","format":"standard","meta":{"footnotes":""},"categories":[1],"tags":[195,129,17],"class_list":["post-394","post","type-post","status-publish","format-standard","hentry","category-opinions","tag-abdelaziz-ben-dhia","tag-revolution-tunisienne","tag-tunisie"],"_links":{"self":[{"href":"https:\/\/www.yvancliche.org\/index.php?rest_route=\/wp\/v2\/posts\/394","targetHints":{"allow":["GET"]}}],"collection":[{"href":"https:\/\/www.yvancliche.org\/index.php?rest_route=\/wp\/v2\/posts"}],"about":[{"href":"https:\/\/www.yvancliche.org\/index.php?rest_route=\/wp\/v2\/types\/post"}],"author":[{"embeddable":true,"href":"https:\/\/www.yvancliche.org\/index.php?rest_route=\/wp\/v2\/users\/1"}],"replies":[{"embeddable":true,"href":"https:\/\/www.yvancliche.org\/index.php?rest_route=%2Fwp%2Fv2%2Fcomments&post=394"}],"version-history":[{"count":5,"href":"https:\/\/www.yvancliche.org\/index.php?rest_route=\/wp\/v2\/posts\/394\/revisions"}],"predecessor-version":[{"id":1312,"href":"https:\/\/www.yvancliche.org\/index.php?rest_route=\/wp\/v2\/posts\/394\/revisions\/1312"}],"wp:attachment":[{"href":"https:\/\/www.yvancliche.org\/index.php?rest_route=%2Fwp%2Fv2%2Fmedia&parent=394"}],"wp:term":[{"taxonomy":"category","embeddable":true,"href":"https:\/\/www.yvancliche.org\/index.php?rest_route=%2Fwp%2Fv2%2Fcategories&post=394"},{"taxonomy":"post_tag","embeddable":true,"href":"https:\/\/www.yvancliche.org\/index.php?rest_route=%2Fwp%2Fv2%2Ftags&post=394"}],"curies":[{"name":"wp","href":"https:\/\/api.w.org\/{rel}","templated":true}]}}