{"id":542,"date":"2011-10-24T20:49:49","date_gmt":"2011-10-25T00:49:49","guid":{"rendered":"http:\/\/www.yvancliche.org\/?p=542"},"modified":"2013-11-28T20:56:50","modified_gmt":"2013-11-29T01:56:50","slug":"la-tunisie-rejoint-le-camp-democrate","status":"publish","type":"post","link":"https:\/\/www.yvancliche.org\/?p=542","title":{"rendered":"La Tunisie rejoint le camp d\u00e9mocrate"},"content":{"rendered":"<p>Le Devoir, 24 octobre 2011<\/p>\n<p>Moi et ma famille avons v\u00e9cu en Tunisie durant 4 ans. Nous avons assist\u00e9 \u00e0 la R\u00e9volution tunisienne. Quoiqu&rsquo;on en dise, ce pays vivait une profonde stagnation et les \u00e9lections du 23 octobre 2011 permettront enfin au peuple tunisien de lib\u00e9rer son \u00e9nergie cr\u00e9atrice. les martyrs de la R\u00e9volution ne sont pas morts en vain. Il faut maintenir soutenir la Tunisie, notamment sur le plan \u00e9conomique, mais aussi pour qu&rsquo;elle devienne un mod\u00e8le pour les autres pays arabes dans leur qu\u00eate de dignit\u00e9. <\/p>\n","protected":false},"excerpt":{"rendered":"<p>Le Devoir, 24 octobre 2011 Moi et ma famille avons v\u00e9cu en Tunisie durant 4 ans. Nous avons assist\u00e9 \u00e0 la R\u00e9volution tunisienne. Quoiqu&rsquo;on en dise, ce pays vivait une profonde stagnation et les \u00e9lections du 23 octobre 2011 permettront enfin au peuple tunisien de lib\u00e9rer son \u00e9nergie cr\u00e9atrice. les martyrs de la R\u00e9volution ne [&hellip;]<\/p>\n","protected":false},"author":1,"featured_media":0,"comment_status":"open","ping_status":"open","sticky":false,"template":"","format":"standard","meta":{"footnotes":""},"categories":[1],"tags":[129],"class_list":["post-542","post","type-post","status-publish","format-standard","hentry","category-opinions","tag-revolution-tunisienne"],"_links":{"self":[{"href":"https:\/\/www.yvancliche.org\/index.php?rest_route=\/wp\/v2\/posts\/542","targetHints":{"allow":["GET"]}}],"collection":[{"href":"https:\/\/www.yvancliche.org\/index.php?rest_route=\/wp\/v2\/posts"}],"about":[{"href":"https:\/\/www.yvancliche.org\/index.php?rest_route=\/wp\/v2\/types\/post"}],"author":[{"embeddable":true,"href":"https:\/\/www.yvancliche.org\/index.php?rest_route=\/wp\/v2\/users\/1"}],"replies":[{"embeddable":true,"href":"https:\/\/www.yvancliche.org\/index.php?rest_route=%2Fwp%2Fv2%2Fcomments&post=542"}],"version-history":[{"count":2,"href":"https:\/\/www.yvancliche.org\/index.php?rest_route=\/wp\/v2\/posts\/542\/revisions"}],"predecessor-version":[{"id":544,"href":"https:\/\/www.yvancliche.org\/index.php?rest_route=\/wp\/v2\/posts\/542\/revisions\/544"}],"wp:attachment":[{"href":"https:\/\/www.yvancliche.org\/index.php?rest_route=%2Fwp%2Fv2%2Fmedia&parent=542"}],"wp:term":[{"taxonomy":"category","embeddable":true,"href":"https:\/\/www.yvancliche.org\/index.php?rest_route=%2Fwp%2Fv2%2Fcategories&post=542"},{"taxonomy":"post_tag","embeddable":true,"href":"https:\/\/www.yvancliche.org\/index.php?rest_route=%2Fwp%2Fv2%2Ftags&post=542"}],"curies":[{"name":"wp","href":"https:\/\/api.w.org\/{rel}","templated":true}]}}