{"id":559,"date":"2013-09-29T10:09:47","date_gmt":"2013-09-29T14:09:47","guid":{"rendered":"http:\/\/www.yvancliche.org\/?p=559"},"modified":"2013-11-29T10:17:47","modified_gmt":"2013-11-29T15:17:47","slug":"fin-de-loccident-naissance-du-monde","status":"publish","type":"post","link":"https:\/\/www.yvancliche.org\/?p=559","title":{"rendered":"Fin de l&rsquo;Occident, naissance du monde"},"content":{"rendered":"<p>Herv\u00e9 Kempf, Fin de l&rsquo;Occident, naissance du monde, Paris, Seuil, 2013.<\/p>\n<p>Nuit blanche, juillet-ao\u00fbt-septembre 2013<\/p>\n<p>Qu\u2019on soit davantage de droite ou de gauche, on ne peut \u00eatre insensible au message d\u2019Herv\u00e9 Kempf : malgr\u00e9 le poison des in\u00e9galit\u00e9s qui subsistent dans le monde, nous sommes maintenant dans une \u00ab grande convergence \u00bb : en effet, tous, nous sommes face \u00e0 une menace \u00e9cologique.<\/p>\n<p>Dans les pays d\u00e9velopp\u00e9s, la \u00ab croissance fatigue \u00bb : nous avons toute la nourriture, tous les gadgets dont nous avons besoin. Dans les pays en d\u00e9veloppement, le dilemme est de satisfaire une population qui cherche le confort occidental sans d\u00e9pouiller les ressources de la plan\u00e8te, notamment celles en \u00e9nergie, qui co\u00fbtent de plus en plus cher : \u00ab Vouloir maintenir les conditions de la croissance signifie un co\u00fbt \u00e9cologique croissant. \u00bb (p.50) Bref, la \u00ab pause \u00bb que connait l\u2019Occident depuis la crise financi\u00e8re devrait, pour notre bien \u00e0 tous, s\u2019\u00e9tendre aux pays \u00e9mergeants. Car le niveau de richesse occidental r\u00e9pandu \u00e0 tous les pays du monde est \u00ab \u00e9cologiquement inenvisageable \u00bb, dit l\u2019auteur. <\/p>\n<p>Nous avons d\u00e8s lors deux sc\u00e9narios devant nous : soit nous poursuivons notre croissance mat\u00e9rielle jusqu\u2019\u00e0 plus soif, soit nous acceptons de limiter notre croissance : \u00ab plut\u00f4t que de d\u00e9penser tant d\u2019efforts \u00e0 d\u00e9couvrir de nouvelles ressources, la priorit\u00e9 devrait \u00eatre d\u2019apprendre \u00e0 en consommer le moins possible \u00bb (p.71) Il faut donc changer notre conception qui associe progr\u00e8s humain avec progr\u00e8s mat\u00e9riel, bref d\u2019 \u00ab organiser la sobri\u00e9t\u00e9 \u00bb, un processus qui ne se fera pas sans heurts, notamment sur le plan politique, tant le niveau des pays riches fait r\u00eaver les autres peuples.<\/p>\n<p>Mais comment arriver \u00e0 ce nouveau mod\u00e8le ? L\u2019auteur propose trois solutions : maitriser le syst\u00e8me financier, pour le r\u00e9aligner vers l\u2019int\u00e9r\u00eat g\u00e9n\u00e9ral ; r\u00e9duire les in\u00e9galit\u00e9s, notamment au sein des pays, car elles s\u2019accroissent davantage qu\u2019entre les pays ; et \u00e9cologiser l\u2019\u00e9conomie, notamment par une r\u00e9duction majeure de notre consommation d\u2019\u00e9nergie, et une soci\u00e9t\u00e9 davantage ax\u00e9e sur l\u2019\u00e9ducation, la sant\u00e9, la culture. En somme, inventer une \u00e9conomie qui s\u2019adresse \u00e0 l\u2019\u00eatre humain dans \u00ab la pl\u00e9nitude de ses possibilit\u00e9s de r\u00e9alisation \u00bb.<\/p>\n<p>Le propos de M. Kempf apparait certes un peu utopique, mais il n\u2019est certainement pas impertinent. Disons probablement trop avant-gardiste.<\/p>\n","protected":false},"excerpt":{"rendered":"<p>Herv\u00e9 Kempf, Fin de l&rsquo;Occident, naissance du monde, Paris, Seuil, 2013. Nuit blanche, juillet-ao\u00fbt-septembre 2013 Qu\u2019on soit davantage de droite ou de gauche, on ne peut \u00eatre insensible au message d\u2019Herv\u00e9 Kempf : malgr\u00e9 le poison des in\u00e9galit\u00e9s qui subsistent dans le monde, nous sommes maintenant dans une \u00ab grande convergence \u00bb : en effet, [&hellip;]<\/p>\n","protected":false},"author":1,"featured_media":0,"comment_status":"open","ping_status":"open","sticky":false,"template":"","format":"standard","meta":{"footnotes":""},"categories":[4],"tags":[201,200],"class_list":["post-559","post","type-post","status-publish","format-standard","hentry","category-critique_de_livres","tag-fin-de-loccident","tag-herve-kempf"],"_links":{"self":[{"href":"https:\/\/www.yvancliche.org\/index.php?rest_route=\/wp\/v2\/posts\/559","targetHints":{"allow":["GET"]}}],"collection":[{"href":"https:\/\/www.yvancliche.org\/index.php?rest_route=\/wp\/v2\/posts"}],"about":[{"href":"https:\/\/www.yvancliche.org\/index.php?rest_route=\/wp\/v2\/types\/post"}],"author":[{"embeddable":true,"href":"https:\/\/www.yvancliche.org\/index.php?rest_route=\/wp\/v2\/users\/1"}],"replies":[{"embeddable":true,"href":"https:\/\/www.yvancliche.org\/index.php?rest_route=%2Fwp%2Fv2%2Fcomments&post=559"}],"version-history":[{"count":2,"href":"https:\/\/www.yvancliche.org\/index.php?rest_route=\/wp\/v2\/posts\/559\/revisions"}],"predecessor-version":[{"id":561,"href":"https:\/\/www.yvancliche.org\/index.php?rest_route=\/wp\/v2\/posts\/559\/revisions\/561"}],"wp:attachment":[{"href":"https:\/\/www.yvancliche.org\/index.php?rest_route=%2Fwp%2Fv2%2Fmedia&parent=559"}],"wp:term":[{"taxonomy":"category","embeddable":true,"href":"https:\/\/www.yvancliche.org\/index.php?rest_route=%2Fwp%2Fv2%2Fcategories&post=559"},{"taxonomy":"post_tag","embeddable":true,"href":"https:\/\/www.yvancliche.org\/index.php?rest_route=%2Fwp%2Fv2%2Ftags&post=559"}],"curies":[{"name":"wp","href":"https:\/\/api.w.org\/{rel}","templated":true}]}}