{"id":595,"date":"1989-06-29T12:10:09","date_gmt":"1989-06-29T16:10:09","guid":{"rendered":"http:\/\/www.yvancliche.org\/?p=595"},"modified":"2013-11-29T21:16:04","modified_gmt":"2013-11-30T02:16:04","slug":"itineraire-dun-jeune-feru-de-politique-internationale","status":"publish","type":"post","link":"https:\/\/www.yvancliche.org\/?p=595","title":{"rendered":"Itin\u00e9raire d\u2019un jeune f\u00e9ru de politique internationale"},"content":{"rendered":"<p>Tribune juive, mai-juin 1989<br \/>\n<em>L\u2019auteur retrace sa propre exp\u00e9rience de jeune qu\u00e9b\u00e9cois int\u00e9ress\u00e9 par la politique internationale.<\/em><\/p>\n<p>Je me suis int\u00e9ress\u00e9 \u00e0 la politique internationale quelque peu avant mon entr\u00e9e \u00e0 l&rsquo;universit\u00e9. Comme bien d&rsquo;autres \u00e9tudiants en sciences sociales, la politique internationale repr\u00e9sentait pour moi une ouverture sur le monde et les id\u00e9es. Certains de mes confr\u00e8res ont choisi la chanson, d&rsquo;autres le cin\u00e9ma, d&rsquo;autres le sport olympique. Autant de pr\u00e9textes, autant de voies qui permettaient \u00e0 chacun de nous d&rsquo;explorer l&rsquo;ailleurs. Cela nous apparaissait comme une bouff\u00e9e d&rsquo;air frais face \u00e0 trop d&rsquo;am\u00e9ricanit\u00e9.<\/p>\n<p>J&rsquo;\u00e9coutais r\u00e9cemment une entrevue avec d&rsquo;un journaliste des pages internationales de La Presse. Il disait que le journaliste couvrant la politique internationale doit constamment s&rsquo;abreuver \u00e0 d&rsquo;autres sources d&rsquo;information qu&rsquo;aux communiqu\u00e9s de presse que leur envoient quotidiennement par centaines les grandes agences de presse. <\/p>\n<p>Le jeune Qu\u00e9b\u00e9cois qui veut en savoir plus sur le monde comprend rapidement qu&rsquo;il doit suivre la m\u00eame strat\u00e9gie. Il est en effet impossible de satisfaire sa curiosit\u00e9 en se fiant uniquement aux m\u00e9dias qu\u00e9b\u00e9cois. Les nouvelles y sont trop factuelles et les analyses, quand il y en a, demeurent presque le fait du hasard : tel journaliste invit\u00e9 dans un pays, tel professeur en stage d&rsquo;\u00e9tudes, tel \u00e9tudiant en visite de passage.<\/p>\n<p>Il faut donc compter sur les journaux \u00e9trangers et notamment sur les m\u00e9dias am\u00e9ricains et fran\u00e7ais. Faut-il se surprendre de cette situation ? Pas vraiment. J&rsquo;ai toujours pens\u00e9 que cette raret\u00e9 d&rsquo;informations internationales est un fait de soci\u00e9t\u00e9. <\/p>\n<p>Les Qu\u00e9b\u00e9cois vivent en Am\u00e9rique du Nord, bien souvent \u00e9loign\u00e9s des \u00e9v\u00e9nements. Les nouvelles ne les touchent gu\u00e8re, d&rsquo;autant plus que notre histoire n&rsquo;est pas marqu\u00e9e de fa\u00e7on aussi nette, comme c&rsquo;est le cas en Europe, par l&rsquo;histoire d&rsquo;autres pays. Nous n&rsquo;avons qu&rsquo;un seul voisin, les \u00c9tats-Unis, dont les citoyens sont eux-m\u00eames peu inform\u00e9s sur les \u00e9v\u00e9nements mondiaux. Mais contrairement aux Am\u00e9ricains toutefois, les Qu\u00e9b\u00e9cois et les Canadiens ont relativement peu d&rsquo;influence sur la politique mondiale.<\/p>\n<p>Devons-nous pour autant absoudre nos m\u00e9dias pour leurs carences quant \u00e0 la couverture des \u00e9v\u00e9nements internationaux ? Pas du tout. Les nouvelles internationales sont encore trop souvent consid\u00e9r\u00e9es comme parmi les moins importantes. <\/p>\n<p>En cette \u00e9poque o\u00f9 l&rsquo;on parle beaucoup d&rsquo;internationalisation de l&rsquo;\u00e9conomie, les m\u00e9dias apparaissent encore trop peu branch\u00e9s sur les \u00e9v\u00e9nements d&rsquo;ailleurs. Pourtant, les jeunes s&rsquo;int\u00e9ressent de plus en plus \u00e0 la politique internationale : il y a une chronique Monde au journal \u00e9tudiant Continuum de l&rsquo;Universit\u00e9 de Montr\u00e9al et qui marche bien depuis plusieurs ann\u00e9es. Les Qu\u00e9b\u00e9cois voyagent, font des affaires avec d&rsquo;autres pays, accueillent des immigrants. <\/p>\n<p>Autant de ph\u00e9nom\u00e8nes qui justifieraient une part plus congrue aux nouvelles de notre monde.<\/p>\n","protected":false},"excerpt":{"rendered":"<p>Tribune juive, mai-juin 1989 L\u2019auteur retrace sa propre exp\u00e9rience de jeune qu\u00e9b\u00e9cois int\u00e9ress\u00e9 par la politique internationale. Je me suis int\u00e9ress\u00e9 \u00e0 la politique internationale quelque peu avant mon entr\u00e9e \u00e0 l&rsquo;universit\u00e9. Comme bien d&rsquo;autres \u00e9tudiants en sciences sociales, la politique internationale repr\u00e9sentait pour moi une ouverture sur le monde et les id\u00e9es. Certains de [&hellip;]<\/p>\n","protected":false},"author":1,"featured_media":0,"comment_status":"closed","ping_status":"closed","sticky":false,"template":"","format":"standard","meta":{"footnotes":""},"categories":[1],"tags":[213,219],"class_list":["post-595","post","type-post","status-publish","format-standard","hentry","category-opinions","tag-politique-internationale","tag-yvan-cliche"],"_links":{"self":[{"href":"https:\/\/www.yvancliche.org\/index.php?rest_route=\/wp\/v2\/posts\/595","targetHints":{"allow":["GET"]}}],"collection":[{"href":"https:\/\/www.yvancliche.org\/index.php?rest_route=\/wp\/v2\/posts"}],"about":[{"href":"https:\/\/www.yvancliche.org\/index.php?rest_route=\/wp\/v2\/types\/post"}],"author":[{"embeddable":true,"href":"https:\/\/www.yvancliche.org\/index.php?rest_route=\/wp\/v2\/users\/1"}],"replies":[{"embeddable":true,"href":"https:\/\/www.yvancliche.org\/index.php?rest_route=%2Fwp%2Fv2%2Fcomments&post=595"}],"version-history":[{"count":5,"href":"https:\/\/www.yvancliche.org\/index.php?rest_route=\/wp\/v2\/posts\/595\/revisions"}],"predecessor-version":[{"id":665,"href":"https:\/\/www.yvancliche.org\/index.php?rest_route=\/wp\/v2\/posts\/595\/revisions\/665"}],"wp:attachment":[{"href":"https:\/\/www.yvancliche.org\/index.php?rest_route=%2Fwp%2Fv2%2Fmedia&parent=595"}],"wp:term":[{"taxonomy":"category","embeddable":true,"href":"https:\/\/www.yvancliche.org\/index.php?rest_route=%2Fwp%2Fv2%2Fcategories&post=595"},{"taxonomy":"post_tag","embeddable":true,"href":"https:\/\/www.yvancliche.org\/index.php?rest_route=%2Fwp%2Fv2%2Ftags&post=595"}],"curies":[{"name":"wp","href":"https:\/\/api.w.org\/{rel}","templated":true}]}}