{"id":600,"date":"2002-10-22T13:12:37","date_gmt":"2002-10-22T17:12:37","guid":{"rendered":"http:\/\/www.yvancliche.org\/?p=600"},"modified":"2013-11-29T13:42:06","modified_gmt":"2013-11-29T18:42:06","slug":"le-rempart-de-lintegrisme","status":"publish","type":"post","link":"https:\/\/www.yvancliche.org\/?p=600","title":{"rendered":"Le rempart de l&rsquo;int\u00e9grisme"},"content":{"rendered":"<p>La Presse, 22 octobre 2002<\/p>\n<p>Les propos du professeur Tariq Ramadan, rapport\u00e9s dans La Presse du 21 octobre, participent d&rsquo;une saine et bienveillante ouverture de la communaut\u00e9 musulmane vivant dans les pays occidentaux. M. Ramadan incite les musulmans \u00e0 devenir de vrais citoyens des pays occidentaux, au lieu de se cantonner uniquement aux sempiternelles rh\u00e9toriques de discrimination et aux d\u00e9bats politiques internes dans leur pays d&rsquo;origine. <\/p>\n<p>On aurait toutefois aim\u00e9 entendre le professeur sur la s\u00e9paration des affaires politiques et des affaires religieuses, une valeur centrale des soci\u00e9t\u00e9s modernes et qui, en ces temps troubles de terrorisme \u00e0 saveur religieuse, constitue un des meilleurs remparts contre l&rsquo;int\u00e9grisme.<\/p>\n","protected":false},"excerpt":{"rendered":"<p>La Presse, 22 octobre 2002 Les propos du professeur Tariq Ramadan, rapport\u00e9s dans La Presse du 21 octobre, participent d&rsquo;une saine et bienveillante ouverture de la communaut\u00e9 musulmane vivant dans les pays occidentaux. M. Ramadan incite les musulmans \u00e0 devenir de vrais citoyens des pays occidentaux, au lieu de se cantonner uniquement aux sempiternelles rh\u00e9toriques [&hellip;]<\/p>\n","protected":false},"author":1,"featured_media":0,"comment_status":"open","ping_status":"open","sticky":false,"template":"","format":"standard","meta":{"footnotes":""},"categories":[1],"tags":[131],"class_list":["post-600","post","type-post","status-publish","format-standard","hentry","category-opinions","tag-integrisme"],"_links":{"self":[{"href":"https:\/\/www.yvancliche.org\/index.php?rest_route=\/wp\/v2\/posts\/600","targetHints":{"allow":["GET"]}}],"collection":[{"href":"https:\/\/www.yvancliche.org\/index.php?rest_route=\/wp\/v2\/posts"}],"about":[{"href":"https:\/\/www.yvancliche.org\/index.php?rest_route=\/wp\/v2\/types\/post"}],"author":[{"embeddable":true,"href":"https:\/\/www.yvancliche.org\/index.php?rest_route=\/wp\/v2\/users\/1"}],"replies":[{"embeddable":true,"href":"https:\/\/www.yvancliche.org\/index.php?rest_route=%2Fwp%2Fv2%2Fcomments&post=600"}],"version-history":[{"count":1,"href":"https:\/\/www.yvancliche.org\/index.php?rest_route=\/wp\/v2\/posts\/600\/revisions"}],"predecessor-version":[{"id":601,"href":"https:\/\/www.yvancliche.org\/index.php?rest_route=\/wp\/v2\/posts\/600\/revisions\/601"}],"wp:attachment":[{"href":"https:\/\/www.yvancliche.org\/index.php?rest_route=%2Fwp%2Fv2%2Fmedia&parent=600"}],"wp:term":[{"taxonomy":"category","embeddable":true,"href":"https:\/\/www.yvancliche.org\/index.php?rest_route=%2Fwp%2Fv2%2Fcategories&post=600"},{"taxonomy":"post_tag","embeddable":true,"href":"https:\/\/www.yvancliche.org\/index.php?rest_route=%2Fwp%2Fv2%2Ftags&post=600"}],"curies":[{"name":"wp","href":"https:\/\/api.w.org\/{rel}","templated":true}]}}