{"id":620,"date":"2002-03-12T14:28:49","date_gmt":"2002-03-12T19:28:49","guid":{"rendered":"http:\/\/www.yvancliche.org\/?p=620"},"modified":"2021-02-26T14:39:20","modified_gmt":"2021-02-26T19:39:20","slug":"sharon-et-arafat-obstacles-a-la-paix","status":"publish","type":"post","link":"https:\/\/www.yvancliche.org\/?p=620","title":{"rendered":"Sharon et Arafat, obstacles \u00e0 la paix"},"content":{"rendered":"<p>La Presse, 12 mars 2002<\/p>\n<p>Depuis plusieurs semaines, l&rsquo;impression est que chaque jour fait franchir une \u00e9tape encore plus meurtri\u00e8re au cycle de violence au Moyen-Orient.<\/p>\n<p>Vendredi, on d\u00e9plorait la mort de 46 personnes dans des affrontements entre Isra\u00e9liens et Palestiniens. Samedi, c&rsquo;est 11 autres personnes qui ont pay\u00e9 de leur vie. La dynamique de violence fonctionne \u00e0 plein, sans rien ni personne pour l&rsquo;endiguer.<\/p>\n<p>Pourtant, les solutions quant \u00e0 la coexistence pacifique entre Isra\u00e9liens et Palestiniens sont connues. En bref, reconnaissance explicite d&rsquo;Isra\u00ebl de la part des Palestiniens et fin des attentats ; retrait progressif de l&rsquo;\u00c9tat h\u00e9breu des territoires qu&rsquo;elle occupe militairement, pour laisser la place \u00e0 un \u00c9tat palestinien.<\/p>\n<p>\u00c0 l&rsquo;\u00e9vidence, ce qui emp\u00eache la reprise d&rsquo;un v\u00e9ritable dialogue, c&rsquo;est l&rsquo;absence de confiance entre les parties. D&rsquo;un c\u00f4t\u00e9 comme de l&rsquo;autre, aucun cr\u00e9dit n&rsquo;est donn\u00e9 aux dirigeants actuels, tous deux de vieux guerriers habit\u00e9s des nombreux \u00e9checs du pass\u00e9. Les Palestiniens honnissent Sharon, consid\u00e9r\u00e9 comme un provocateur, et les Isra\u00e9liens ont perdu tout espoir de voir Arafat faire autre chose que d&rsquo;envenimer une atmosph\u00e8re d\u00e9j\u00e0 surcharg\u00e9e.<\/p>\n<p>\u00c0 moins d&rsquo;un d\u00e9part prochain du tandem Sharon-Arafat, la poursuite de la violence semble, malheureusement, le seul avenir possible au Moyen-Orient. Un changement de leadership pourrait cependant am\u00e9liorer rapidement la situation actuelle, empreinte de d\u00e9sespoir, et la faire \u00e9voluer vers des horizons moins sombres.<\/p>\n","protected":false},"excerpt":{"rendered":"<p>La Presse, 12 mars 2002 Depuis plusieurs semaines, l&rsquo;impression est que chaque jour fait franchir une \u00e9tape encore plus meurtri\u00e8re au cycle de violence au Moyen-Orient. Vendredi, on d\u00e9plorait la mort de 46 personnes dans des affrontements entre Isra\u00e9liens et Palestiniens. Samedi, c&rsquo;est 11 autres personnes qui ont pay\u00e9 de leur vie. La dynamique de [&hellip;]<\/p>\n","protected":false},"author":1,"featured_media":0,"comment_status":"open","ping_status":"open","sticky":false,"template":"","format":"standard","meta":{"footnotes":""},"categories":[1],"tags":[216,63,258],"class_list":["post-620","post","type-post","status-publish","format-standard","hentry","category-opinions","tag-arafat","tag-moyen-orient","tag-sharon"],"_links":{"self":[{"href":"https:\/\/www.yvancliche.org\/index.php?rest_route=\/wp\/v2\/posts\/620","targetHints":{"allow":["GET"]}}],"collection":[{"href":"https:\/\/www.yvancliche.org\/index.php?rest_route=\/wp\/v2\/posts"}],"about":[{"href":"https:\/\/www.yvancliche.org\/index.php?rest_route=\/wp\/v2\/types\/post"}],"author":[{"embeddable":true,"href":"https:\/\/www.yvancliche.org\/index.php?rest_route=\/wp\/v2\/users\/1"}],"replies":[{"embeddable":true,"href":"https:\/\/www.yvancliche.org\/index.php?rest_route=%2Fwp%2Fv2%2Fcomments&post=620"}],"version-history":[{"count":5,"href":"https:\/\/www.yvancliche.org\/index.php?rest_route=\/wp\/v2\/posts\/620\/revisions"}],"predecessor-version":[{"id":2715,"href":"https:\/\/www.yvancliche.org\/index.php?rest_route=\/wp\/v2\/posts\/620\/revisions\/2715"}],"wp:attachment":[{"href":"https:\/\/www.yvancliche.org\/index.php?rest_route=%2Fwp%2Fv2%2Fmedia&parent=620"}],"wp:term":[{"taxonomy":"category","embeddable":true,"href":"https:\/\/www.yvancliche.org\/index.php?rest_route=%2Fwp%2Fv2%2Fcategories&post=620"},{"taxonomy":"post_tag","embeddable":true,"href":"https:\/\/www.yvancliche.org\/index.php?rest_route=%2Fwp%2Fv2%2Ftags&post=620"}],"curies":[{"name":"wp","href":"https:\/\/api.w.org\/{rel}","templated":true}]}}