{"id":622,"date":"2001-09-18T14:39:49","date_gmt":"2001-09-18T18:39:49","guid":{"rendered":"http:\/\/www.yvancliche.org\/?p=622"},"modified":"2021-02-21T14:23:42","modified_gmt":"2021-02-21T19:23:42","slug":"musulmans-et-arabes-parlez-nous","status":"publish","type":"post","link":"https:\/\/www.yvancliche.org\/?p=622","title":{"rendered":"Musulmans et Arabes : parlez-nous !"},"content":{"rendered":"<p>M\u00e9tro, 18 septembre 2001<br \/>\n<em>Professionel au sein d&rsquo;une soci\u00e9t\u00e9 d&rsquo;\u00c9tat, l&rsquo;auteur est mari\u00e9 \u00e0 une arabophone.<\/em><\/p>\n<p>D\u00e9j\u00e0, il fallait s&rsquo;en douter, la communaut\u00e9 arabe et musulmane implant\u00e9e en pays occidentaux, y compris au Qu\u00e9bec et \u00e0 Montr\u00e9al, se sent lourdement point\u00e9e du doigt suite aux attentats du 11 septembre. Injustement stigmatis\u00e9s lors de l&rsquo;attentat de l&rsquo;Oklahoma, commis par un natif am\u00e9ricain blanc d&rsquo;extr\u00eame droite, les Arabes et Musulmans sont cette fois intervenus en force, par la voie de leurs leaders, pour rappeler avec fermet\u00e9 la faussett\u00e9 de l&rsquo;\u00e9quation Arabe = Musulman = terrorisme. Les leaders montr\u00e9alais de ces communaut\u00e9s n&rsquo;ont pas fait exception.<\/p>\n<p>Leur intervention, ainsi que celle de nos leaders politiques, tous prompts \u00e0 condamner toute forme de g\u00e9n\u00e9ralisation, est bien s\u00fbr fort bienvenue et a certainement contribu\u00e9 \u00e0 calmer le jeu. Si bien qu&rsquo;\u00e0 part quelques manifestations de pr\u00e9jug\u00e9s, il n&rsquo;y a aucun acte de violence \u00e0 d\u00e9plorer.<\/p>\n<p>Ces appels \u00e0 la tol\u00e9rance devront \u00eatre maintenus. Pourquoi ? Car les m\u00e9dias, c&rsquo;est bien normal, passent d&rsquo;une description g\u00e9n\u00e9rale de l&rsquo;horreur des attentats \u00e0 des histoires de cas particuliers des morts et disparus et de l&rsquo;immense souffrance de leurs proches. D\u00e9j\u00e0, nous voyons de plus en plus de sc\u00e8nes de pleurs et de vives douleurs occasionn\u00e9es par ces attentats, d&rsquo;o\u00f9 \u00e9mergent chez les afflig\u00e9s et les t\u00e9l\u00e9spectateurs des sentiments de d\u00e9sarroi et de col\u00e8re.<\/p>\n<p>Voil\u00e0 un bon test des valeurs et fondements de nos soci\u00e9t\u00e9s modernes et d\u00e9mocratiques. Chacun sait que nos soci\u00e9t\u00e9s pr\u00f4nent des id\u00e9aux d&rsquo;ouverture et de tol\u00e9rance et que ceux-ci, consacr\u00e9s comme un des causes du d\u00e9veloppement acc\u00e9l\u00e9r\u00e9 de nos soci\u00e9t\u00e9s, sont m\u00eame consign\u00e9s en lois.<\/p>\n<p>Mais, au-del\u00e0 des prononc\u00e9s de vertus, il faut rappeler que notre soci\u00e9t\u00e9 a tout simplement besoin de l&rsquo;apport de ces nouveaux venus pour assurer notre bien-\u00eatre \u00e9conomique et social. C&rsquo;est particuli\u00e8rement le cas du Canada : un rapport f\u00e9d\u00e9ral rappelait r\u00e9cemment la p\u00e9nurie de main-d&rsquo;oeuvre, et le p\u00e9ril \u00e9conomique qui nous attend, si le pays n&rsquo;ouvre pas davantage ses portes aux immigrants. L&rsquo;immigration arabe et musulmane, en majorit\u00e9 instruite et entrepreneuriale, r\u00e9pond bien \u00e0 ce besoin et doit donc \u00eatre maintenue.<\/p>\n<p>Bref, autant en termes de valeurs qui pr\u00e9sident \u00e0 nos soci\u00e9t\u00e9s que de n\u00e9cessit\u00e9 \u00e9conomique, nous devons rappeler \u00e0 nos citoyens arabes et musulmans que le Qu\u00e9bec est leur terre, et qu&rsquo;ils on droit \u00e0 la s\u00e9curit\u00e9 et \u00e0 se sentir chez eux, comme tous les autres citoyens.<\/p>\n<p>Aussi, au lieu de se replier comme certains dans une attitude par trop d\u00e9fensive, et de s&rsquo;affairer \u00e0 compter le nombre d&rsquo;insultes re\u00e7us suite aux \u00e9v\u00e9nements (de toute mani\u00e8re le fait d&rsquo;une minorit\u00e9), nos citoyens d&rsquo;origine arabe et musulmane seraient mieux avis\u00e9s d&rsquo;aller vers les autres et leur montrer qu&rsquo;ils partagent sans nuance l&rsquo;indignation populaire.<\/p>\n<p>Un conseil, donc, aux amis arabes et musulmans : ne tombez pas dans le pi\u00e8ge de l&rsquo;isolement, passez outre les pr\u00e9jug\u00e9s, faites un pas vers vos voisins, amis, coll\u00e8gues et connaissances, bref, montrez que vous partagez avec tous le sentiment de douleur et votre d\u00e9sir de maintenir ici nos valeurs de respect et d&rsquo;ouverture.<\/p>\n","protected":false},"excerpt":{"rendered":"<p>M\u00e9tro, 18 septembre 2001 Professionel au sein d&rsquo;une soci\u00e9t\u00e9 d&rsquo;\u00c9tat, l&rsquo;auteur est mari\u00e9 \u00e0 une arabophone. D\u00e9j\u00e0, il fallait s&rsquo;en douter, la communaut\u00e9 arabe et musulmane implant\u00e9e en pays occidentaux, y compris au Qu\u00e9bec et \u00e0 Montr\u00e9al, se sent lourdement point\u00e9e du doigt suite aux attentats du 11 septembre. Injustement stigmatis\u00e9s lors de l&rsquo;attentat de [&hellip;]<\/p>\n","protected":false},"author":1,"featured_media":0,"comment_status":"open","ping_status":"open","sticky":false,"template":"","format":"standard","meta":{"footnotes":""},"categories":[1],"tags":[137,217,218],"class_list":["post-622","post","type-post","status-publish","format-standard","hentry","category-opinions","tag-11-septembre","tag-arabes","tag-musulmans"],"_links":{"self":[{"href":"https:\/\/www.yvancliche.org\/index.php?rest_route=\/wp\/v2\/posts\/622","targetHints":{"allow":["GET"]}}],"collection":[{"href":"https:\/\/www.yvancliche.org\/index.php?rest_route=\/wp\/v2\/posts"}],"about":[{"href":"https:\/\/www.yvancliche.org\/index.php?rest_route=\/wp\/v2\/types\/post"}],"author":[{"embeddable":true,"href":"https:\/\/www.yvancliche.org\/index.php?rest_route=\/wp\/v2\/users\/1"}],"replies":[{"embeddable":true,"href":"https:\/\/www.yvancliche.org\/index.php?rest_route=%2Fwp%2Fv2%2Fcomments&post=622"}],"version-history":[{"count":7,"href":"https:\/\/www.yvancliche.org\/index.php?rest_route=\/wp\/v2\/posts\/622\/revisions"}],"predecessor-version":[{"id":2690,"href":"https:\/\/www.yvancliche.org\/index.php?rest_route=\/wp\/v2\/posts\/622\/revisions\/2690"}],"wp:attachment":[{"href":"https:\/\/www.yvancliche.org\/index.php?rest_route=%2Fwp%2Fv2%2Fmedia&parent=622"}],"wp:term":[{"taxonomy":"category","embeddable":true,"href":"https:\/\/www.yvancliche.org\/index.php?rest_route=%2Fwp%2Fv2%2Fcategories&post=622"},{"taxonomy":"post_tag","embeddable":true,"href":"https:\/\/www.yvancliche.org\/index.php?rest_route=%2Fwp%2Fv2%2Ftags&post=622"}],"curies":[{"name":"wp","href":"https:\/\/api.w.org\/{rel}","templated":true}]}}