{"id":694,"date":"2001-06-05T17:13:07","date_gmt":"2001-06-05T21:13:07","guid":{"rendered":"http:\/\/www.yvancliche.org\/?p=694"},"modified":"2013-11-30T17:28:00","modified_gmt":"2013-11-30T22:28:00","slug":"la-democratie-cest-comme-la-sante","status":"publish","type":"post","link":"https:\/\/www.yvancliche.org\/?p=694","title":{"rendered":"La d\u00e9mocratie, c&rsquo;est comme la sant\u00e9"},"content":{"rendered":"<p>M\u00e9tro, 5 juin 2001<br \/>\n<em>L&rsquo;auteur a une formation de politicologue.<\/em><\/p>\n<p>Il vous arrive de parler politique, que ce soit municipale, provinciale ou f\u00e9d\u00e9rale ? Comme la plupart des gens, pas souvent. Et, quand cela arrive, il y a s\u00fbrement une personne de votre entourage qui clos la question en disant : \u00ab bah, la politique, c&rsquo;est sale \u00bb ou encore : \u00ab les politiciens, ils tous sont pareils \u00bb.<\/p>\n<p>Permettez-moi deux commentaires \u00e0 ce propos.<\/p>\n<p>Primo : la d\u00e9mocratie, c&rsquo;est comme la sant\u00e9 : on l&rsquo;appr\u00e9cie seulement quand on ne l&rsquo;a pas. Comme peut-\u00eatre plusieurs d&rsquo;entre vous, j&rsquo;ai c\u00f4toy\u00e9 des immigrants ayant tr\u00e8s peur de s&rsquo;exprimer sur la politique de leur pays, car risquant leur propre vie et celle de leur entourage.<\/p>\n<p>Ici, au Qu\u00e9bec, au Canada et dans une minorit\u00e9 de pays dans le monde, non seulement nous pouvons nous d\u00e9sint\u00e9resser de la politique, nous pouvons entre amis accuser nos politiciens des pires maux, devant 10, 15 personnes, oublier le tout et aller prendre un pot. sans risque aucun pour notre s\u00e9curit\u00e9.<\/p>\n<p>Normal que tout cela ? Dans seulement 25-30 pays sur les 175 (environ) que compte la plan\u00e8te pouvons-nous agir ainsi. Ailleurs, on viendrait nous chercher \u00e0 la bastonnade, nous accuser sans autre forme de proc\u00e8s et nous mettre au cachot. Dans une prison o\u00f9 les rats seraient la seule pr\u00e9sence vivante \u00e0 nos c\u00f4t\u00e9s. Ou si ce n&rsquo;est que nous serions simplement ex\u00e9cut\u00e9s.<\/p>\n<p>Deuxio : cette politique, que tous contestent, nous la faisons toutes et tous. Simplement \u00e0 une \u00e9chelle diff\u00e9rente. Avez-vous d\u00e9j\u00e0 entendu parler de certaines luttes intestines de conseils d&rsquo;administration d&rsquo;organismes communautaires, pourtant d\u00e9di\u00e9s \u00e0 la veuve et \u00e0 l&rsquo;orphelin ? <\/p>\n<p>\u00c0 voir les couteaux voler aussi bas, ce sont nos politiciens professionnels qui ont l&rsquo;air d&rsquo;enfants d&rsquo;\u00e9cole&#8230;Et que pensez-vous des guerres de pouvoir dans nos entreprises, au sein des conseils scolaires ou m\u00eame autour de l&rsquo;\u00e9quipe sportive de fiston ? <\/p>\n<p>Nous y vivons des luttes de pouvoir et d&rsquo;influence semblables \u00e0 celles de nos repr\u00e9sentants \u00e9lus. Alors, je vous la repose la question : sommes-nous vraiment mieux que les politiciens qui nous repr\u00e9sentent ?<\/p>\n<p>Personnellement, \u00e0 l&rsquo;inverse de plusieurs de nos concitoyens, je tiens la plupart de nos politiciens en bonne estime. Ils ne sont pas sur une plan\u00e8te diff\u00e9rente. Ils sont issus de nos communaut\u00e9s. la plupart sont int\u00e8gres, avec leurs ambitions personnelles certes, mais soucieux de bien nous repr\u00e9senter tout en essuyant nos vives et parfois injustes critiques.<\/p>\n<p>Vous savez quoi ? \u00c0 mon avis, cette suppos\u00e9e d\u00e9sinvolture face \u00e0 la vie politique cache, \u00e0 la v\u00e9rit\u00e9, une grande confiance que nos repr\u00e9sentants \u00e9lus font, au total, \u00e0 peu pr\u00e8s correctement leur travail.<\/p>\n","protected":false},"excerpt":{"rendered":"<p>M\u00e9tro, 5 juin 2001 L&rsquo;auteur a une formation de politicologue. Il vous arrive de parler politique, que ce soit municipale, provinciale ou f\u00e9d\u00e9rale ? Comme la plupart des gens, pas souvent. Et, quand cela arrive, il y a s\u00fbrement une personne de votre entourage qui clos la question en disant : \u00ab bah, la politique, [&hellip;]<\/p>\n","protected":false},"author":1,"featured_media":0,"comment_status":"open","ping_status":"open","sticky":false,"template":"","format":"standard","meta":{"footnotes":""},"categories":[1],"tags":[253,254],"class_list":["post-694","post","type-post","status-publish","format-standard","hentry","category-opinions","tag-democratie","tag-politiciens"],"_links":{"self":[{"href":"https:\/\/www.yvancliche.org\/index.php?rest_route=\/wp\/v2\/posts\/694","targetHints":{"allow":["GET"]}}],"collection":[{"href":"https:\/\/www.yvancliche.org\/index.php?rest_route=\/wp\/v2\/posts"}],"about":[{"href":"https:\/\/www.yvancliche.org\/index.php?rest_route=\/wp\/v2\/types\/post"}],"author":[{"embeddable":true,"href":"https:\/\/www.yvancliche.org\/index.php?rest_route=\/wp\/v2\/users\/1"}],"replies":[{"embeddable":true,"href":"https:\/\/www.yvancliche.org\/index.php?rest_route=%2Fwp%2Fv2%2Fcomments&post=694"}],"version-history":[{"count":1,"href":"https:\/\/www.yvancliche.org\/index.php?rest_route=\/wp\/v2\/posts\/694\/revisions"}],"predecessor-version":[{"id":695,"href":"https:\/\/www.yvancliche.org\/index.php?rest_route=\/wp\/v2\/posts\/694\/revisions\/695"}],"wp:attachment":[{"href":"https:\/\/www.yvancliche.org\/index.php?rest_route=%2Fwp%2Fv2%2Fmedia&parent=694"}],"wp:term":[{"taxonomy":"category","embeddable":true,"href":"https:\/\/www.yvancliche.org\/index.php?rest_route=%2Fwp%2Fv2%2Fcategories&post=694"},{"taxonomy":"post_tag","embeddable":true,"href":"https:\/\/www.yvancliche.org\/index.php?rest_route=%2Fwp%2Fv2%2Ftags&post=694"}],"curies":[{"name":"wp","href":"https:\/\/api.w.org\/{rel}","templated":true}]}}