{"id":699,"date":"2002-01-30T17:32:24","date_gmt":"2002-01-30T22:32:24","guid":{"rendered":"http:\/\/www.yvancliche.org\/?p=699"},"modified":"2021-02-26T14:46:33","modified_gmt":"2021-02-26T19:46:33","slug":"le-second-grand-defi-du-quebec","status":"publish","type":"post","link":"https:\/\/www.yvancliche.org\/?p=699","title":{"rendered":"Le (second) grand d\u00e9fi du Qu\u00e9bec"},"content":{"rendered":"<p>M\u00e9tro, 11-13 janvier 2002<br \/>\n<em>Politologue de formation, r\u00e9sident de Montr\u00e9al.<\/em><\/p>\n<p>Le leader de l&rsquo;action d\u00e9mocratique du Qu\u00e9bec (ADQ), Mario Dumont, a mis un peu d&rsquo;aigreur dans nos repas de No\u00ebl quand il a rappel\u00e9, dans une intervention juste avant le 25 d\u00e9cembre, le faible taux de natalit\u00e9 du Qu\u00e9bec. M. Dumont a soulign\u00e9 qu&rsquo;avec un taux de f\u00e9condit\u00e9 par femme \u00e0 1,44 enfant, le Qu\u00e9bec se situe dans le bas du peloton du monde occidental. Pourtant, notre voisin du sud, les \u00c9tats-Unis, affiche le meilleur taux, avec 2,08.<\/p>\n<p>En fait, le taux de naissance de 2001 est le pus bas enregistr\u00e9 au Qu\u00e9bec depuis&#8230;1908, alors que le Qu\u00e9bec n&rsquo;avait pourtant que 1,9 million d&rsquo;habitants ! En effet, seulement 72 000 b\u00e9b\u00e9s ont vu le jour au Qu\u00e9bec l&rsquo;an dernier, pour une population d\u00e9passant les 7 millions d&rsquo;habitants.<\/p>\n<p>Comme le rappelle Mario Dumont, tous les d\u00e9bats sur la soci\u00e9t\u00e9 distincte, la place du Qu\u00e9bec et autre sujets qui font partie des sempiternelles discussions de la politique qu\u00e9b\u00e9coise sont vains si la population ne cro\u00eet pas davantage. Le Qu\u00e9bec est d\u00e9j\u00e0 pass\u00e9 sous la barre psychologique des 25 % de la population canadienne : ce poids d\u00e9mographique en diminution constante affaiblit consid\u00e9rablement l&rsquo;influence du Qu\u00e9bec dans la soci\u00e9t\u00e9 canadienne (et donc sa capacit\u00e9 de la r\u00e9former \u00e0 son avantage).<\/p>\n<p>On peut donc avancer qu&rsquo;apr\u00e8s l&rsquo;\u00e9conomie, la d\u00e9mographie devrait \u00eatre la deuxi\u00e8me grande priorit\u00e9, permanente, du Qu\u00e9bec. Pourtant, c&rsquo;est un sujet peu d\u00e9battu par les Qu\u00e9b\u00e9cois. La constitution, la sant\u00e9 et autre sujets de l&rsquo;heure mettent souvent ce sujets sensible hors de la sph\u00e8re des \u00e9changes publics.<\/p>\n<p>On ne peut discuter de d\u00e9mographie sans \u00e9galement parler de son corollaire, l&rsquo;immigration. Or, m\u00eame si le Qu\u00e9bec a l&rsquo;intention d&rsquo;accueillir pus d&rsquo;immigrants, ceux qui y sont ont encore beaucoup de difficult\u00e9s \u00e0 se faire une place chez nous. (La page des lecteurs de M\u00e9tro en t\u00e9moigne souvent).<\/p>\n<p>Un des probl\u00e8mes vient du fait que peu de Qu\u00e9b\u00e9cois de souche entretiennent des contacts r\u00e9els et fr\u00e9quents avec des nouveaux venus. Les francophones immigrent en banlieue, les immigrants y vont encore peu, ce qui tend \u00e0 cr\u00e9er des univers parall\u00e8les, peu propices \u00e0 une v\u00e9ritable int\u00e9gration. Les \u00ab\u00a0deux solitudes\u00a0\u00bb du Qu\u00e9bec, l&rsquo;une francophone, l&rsquo;autre anglophone, sont-elles en voie d&rsquo;\u00eatre superpos\u00e9es par deux autres, Qu\u00e9b\u00e9cois de souche et immigrants ?<\/p>\n<p>Pour \u00e9viter cet \u00e9cueil, les deux entit\u00e9s doivent se rejoindre \u00e0 mi-chemin : les Qu\u00e9b\u00e9cois, en d\u00e9montrant une r\u00e9elle ouverture et en faisant des gestes concrets, notamment en milieu de travail ; et les immigrants, en d\u00e9passant le r\u00e9flexe naturel de se replier dans un environnement centr\u00e9 sur la communaut\u00e9 d&rsquo;origine.<\/p>\n","protected":false},"excerpt":{"rendered":"<p>M\u00e9tro, 11-13 janvier 2002 Politologue de formation, r\u00e9sident de Montr\u00e9al. Le leader de l&rsquo;action d\u00e9mocratique du Qu\u00e9bec (ADQ), Mario Dumont, a mis un peu d&rsquo;aigreur dans nos repas de No\u00ebl quand il a rappel\u00e9, dans une intervention juste avant le 25 d\u00e9cembre, le faible taux de natalit\u00e9 du Qu\u00e9bec. M. Dumont a soulign\u00e9 qu&rsquo;avec un [&hellip;]<\/p>\n","protected":false},"author":1,"featured_media":0,"comment_status":"open","ping_status":"open","sticky":false,"template":"","format":"standard","meta":{"footnotes":""},"categories":[1],"tags":[255,316,256],"class_list":["post-699","post","type-post","status-publish","format-standard","hentry","category-opinions","tag-defis-du-quebec","tag-immigration","tag-natalite-au-quebec"],"_links":{"self":[{"href":"https:\/\/www.yvancliche.org\/index.php?rest_route=\/wp\/v2\/posts\/699","targetHints":{"allow":["GET"]}}],"collection":[{"href":"https:\/\/www.yvancliche.org\/index.php?rest_route=\/wp\/v2\/posts"}],"about":[{"href":"https:\/\/www.yvancliche.org\/index.php?rest_route=\/wp\/v2\/types\/post"}],"author":[{"embeddable":true,"href":"https:\/\/www.yvancliche.org\/index.php?rest_route=\/wp\/v2\/users\/1"}],"replies":[{"embeddable":true,"href":"https:\/\/www.yvancliche.org\/index.php?rest_route=%2Fwp%2Fv2%2Fcomments&post=699"}],"version-history":[{"count":3,"href":"https:\/\/www.yvancliche.org\/index.php?rest_route=\/wp\/v2\/posts\/699\/revisions"}],"predecessor-version":[{"id":2718,"href":"https:\/\/www.yvancliche.org\/index.php?rest_route=\/wp\/v2\/posts\/699\/revisions\/2718"}],"wp:attachment":[{"href":"https:\/\/www.yvancliche.org\/index.php?rest_route=%2Fwp%2Fv2%2Fmedia&parent=699"}],"wp:term":[{"taxonomy":"category","embeddable":true,"href":"https:\/\/www.yvancliche.org\/index.php?rest_route=%2Fwp%2Fv2%2Fcategories&post=699"},{"taxonomy":"post_tag","embeddable":true,"href":"https:\/\/www.yvancliche.org\/index.php?rest_route=%2Fwp%2Fv2%2Ftags&post=699"}],"curies":[{"name":"wp","href":"https:\/\/api.w.org\/{rel}","templated":true}]}}