{"id":776,"date":"1989-02-01T15:20:07","date_gmt":"1989-02-01T20:20:07","guid":{"rendered":"http:\/\/www.yvancliche.org\/?p=776"},"modified":"2013-12-07T19:29:37","modified_gmt":"2013-12-08T00:29:37","slug":"langue-au-quebec-illusoire-securite","status":"publish","type":"post","link":"https:\/\/www.yvancliche.org\/?p=776","title":{"rendered":"Langue au Qu\u00e9bec : illusoire s\u00e9curit\u00e9"},"content":{"rendered":"<p>La Presse, 1er f\u00e9vrier 1989<\/p>\n<p>On ne peut qu&rsquo;applaudir l&rsquo;appel au dialogue avec Alliance Qu\u00e9bec lanc\u00e9 ces derniers jours par la pr\u00e9sidente de la Soci\u00e9t\u00e9 Saint-Jean Baptiste de Montr\u00e9al, Mme Nicole Boudreau. <\/p>\n<p>Il est cependant difficile de partager son optimisme: \u00ab Quand les Qu\u00e9b\u00e9cois auront acquis la s\u00e9curit\u00e9 culturelle et linguistique qui leur est due, nous dit-elle, je pense que l&rsquo;ouverture faite \u00e0 la place de l&rsquo;anglais sera beaucoup plus grande \u00bb.<\/p>\n<p>La d\u00e9fense du fran\u00e7ais, notamment dans son aspect symbolique de l&rsquo;affichage, provient en bonne partie du sentiment d&rsquo;ins\u00e9curit\u00e9 culturelle ressentie par nombre de Qu\u00e9b\u00e9cois. <\/p>\n<p>A l&rsquo;heure actuelle, ce sentiment est appel\u00e9 \u00e0 s&rsquo;aviver bien plus qu&rsquo;\u00e0 s&rsquo;\u00e9tioler. Pourquoi? Nous vivons en Am\u00e9rique du Nord. <\/p>\n<p>\u00c0 l&rsquo;ouest, \u00e0 l&rsquo;est comme au sud, la langue est l&rsquo;anglais. <\/p>\n<p>Serions-nous entour\u00e9s de pr\u00e8s de 300 millions d&rsquo;hispanophones que nous nous inqui\u00e9terions de la menace de l&rsquo;espagnol sur notre culture !<\/p>\n<p>Mais ce n&rsquo;est pas tout. Notre voisin du sud est un pays \u00e9conomiquement fort. Il constitue surtout une puissance culturelle qui fait sentir sa force jusque dans les contr\u00e9es les plus \u00e9loign\u00e9es. <\/p>\n<p>D\u00e9j\u00e0, des pays aux cultures fortes et mill\u00e9naires, tels la France, l&rsquo;Allemagne, dix fois plus populeux que le Qu\u00e9bec et situ\u00e9s \u00e0 des milliers de kilom\u00e8tres de l&rsquo;Am\u00e9rique, s&rsquo;inqui\u00e8tent de l&rsquo;influence grandissante de la culture am\u00e9ricaine.<\/p>\n<p>D&rsquo;autre part, notre taux de f\u00e9condit\u00e9 est un des plus bas du monde. Comptons sur les immigrants, diront certains. Mais, selon des \u00e9tudes, presque deux immigrants sur trois s&rsquo;int\u00e8grent, au Qu\u00e9bec m\u00eame, \u00e0 la communaut\u00e9 anglophone.<\/p>\n<p>Penser que les Qu\u00e9b\u00e9cois atteindront, un jour, une s\u00e9curit\u00e9 culturelle et linguistique est pure r\u00eaverie.<\/p>\n","protected":false},"excerpt":{"rendered":"<p>La Presse, 1er f\u00e9vrier 1989 On ne peut qu&rsquo;applaudir l&rsquo;appel au dialogue avec Alliance Qu\u00e9bec lanc\u00e9 ces derniers jours par la pr\u00e9sidente de la Soci\u00e9t\u00e9 Saint-Jean Baptiste de Montr\u00e9al, Mme Nicole Boudreau. Il est cependant difficile de partager son optimisme: \u00ab Quand les Qu\u00e9b\u00e9cois auront acquis la s\u00e9curit\u00e9 culturelle et linguistique qui leur est due, [&hellip;]<\/p>\n","protected":false},"author":1,"featured_media":0,"comment_status":"open","ping_status":"open","sticky":false,"template":"","format":"standard","meta":{"footnotes":""},"categories":[1],"tags":[281],"class_list":["post-776","post","type-post","status-publish","format-standard","hentry","category-opinions","tag-langue-au-quebec"],"_links":{"self":[{"href":"https:\/\/www.yvancliche.org\/index.php?rest_route=\/wp\/v2\/posts\/776","targetHints":{"allow":["GET"]}}],"collection":[{"href":"https:\/\/www.yvancliche.org\/index.php?rest_route=\/wp\/v2\/posts"}],"about":[{"href":"https:\/\/www.yvancliche.org\/index.php?rest_route=\/wp\/v2\/types\/post"}],"author":[{"embeddable":true,"href":"https:\/\/www.yvancliche.org\/index.php?rest_route=\/wp\/v2\/users\/1"}],"replies":[{"embeddable":true,"href":"https:\/\/www.yvancliche.org\/index.php?rest_route=%2Fwp%2Fv2%2Fcomments&post=776"}],"version-history":[{"count":5,"href":"https:\/\/www.yvancliche.org\/index.php?rest_route=\/wp\/v2\/posts\/776\/revisions"}],"predecessor-version":[{"id":1282,"href":"https:\/\/www.yvancliche.org\/index.php?rest_route=\/wp\/v2\/posts\/776\/revisions\/1282"}],"wp:attachment":[{"href":"https:\/\/www.yvancliche.org\/index.php?rest_route=%2Fwp%2Fv2%2Fmedia&parent=776"}],"wp:term":[{"taxonomy":"category","embeddable":true,"href":"https:\/\/www.yvancliche.org\/index.php?rest_route=%2Fwp%2Fv2%2Fcategories&post=776"},{"taxonomy":"post_tag","embeddable":true,"href":"https:\/\/www.yvancliche.org\/index.php?rest_route=%2Fwp%2Fv2%2Ftags&post=776"}],"curies":[{"name":"wp","href":"https:\/\/api.w.org\/{rel}","templated":true}]}}